{"id":13560,"date":"2025-05-05T08:33:11","date_gmt":"2025-05-05T08:33:11","guid":{"rendered":"https:\/\/m2camper.com\/?p=13560"},"modified":"2025-05-27T10:11:29","modified_gmt":"2025-05-27T08:11:29","slug":"com-millorar-leficiencia-energetica-del-teu-vehicle-amb-aillants-termics-per-a-autocaravanes","status":"publish","type":"post","link":"https:\/\/m2camper.com\/ca\/com-millorar-leficiencia-energetica-del-teu-vehicle-amb-aillants-termics-per-a-autocaravanes\/","title":{"rendered":"Com millorar l&#039;efici\u00e8ncia energ\u00e8tica del teu vehicle amb a\u00efllants t\u00e8rmics per a autocaravanes"},"content":{"rendered":"<h2 class=\"wp-block-heading has-neve-text-color-color has-text-color has-link-color wp-elements-50e7d5e07bb59a511fc5a70918666334\">A\u00efllants t\u00e8rmics per a autocaravanes: estalvi i comoditat a la teva aventura <\/h2>\n\n\n\n<p class=\"has-neve-text-color-color has-text-color has-link-color wp-elements-4ddb6f69839ac3328c2c41a5efec85d1\">Viatjar al camper \u00e9s una forma de vida que combina llibertat, aventura i contacte directe amb la natura. Per\u00f2 perqu\u00e8 cada trajecte sigui realment c\u00f2mode, \u00e9s fonamental comptar amb un sistema t\u00e8rmic eficient que permeti mantenir una temperatura interior agradable sense dependre en exc\u00e9s de sistemes de climatitzaci\u00f3. En aquest context, els <strong><a href=\"https:\/\/m2camper.com\/ca\/aillants\/\">a\u00efllants t\u00e8rmics per a campers<\/a><\/strong> juguen un paper clau.<\/p>\n\n\n\n<p class=\"has-neve-text-color-color has-text-color has-link-color wp-elements-11d738041fd9e9bcd00da8f9c0b77ae9\">A <strong><a href=\"https:\/\/m2camper.com\/ca\/contacte\/\">M2 Camper<\/a><\/strong>, treballem amb solucions d&#039;alta qualitat dissenyades espec\u00edficament per optimitzar l&#039;a\u00efllament t\u00e8rmic del vostre vehicle, ajudant-vos a estalviar energia i millorar el confort en qualsevol \u00e8poca de l&#039;any.<\/p>\n\n\n\n<h2 class=\"wp-block-heading has-neve-text-color-color has-text-color has-link-color wp-elements-fe8bbdd6a600f85e7622319cb4ea9fcd\">Per qu\u00e8 l&#039;a\u00efllament t\u00e8rmic per a campers \u00e9s essencial <\/h2>\n\n\n\n<p>Els canvis de temperatura durant un viatge poden ser intensos i sobtats. Un dia assolellat en ruta es pot convertir en una nit freda a muntanya, o una escapada d&#039;estiu pot fer que l&#039;interior del vehicle arribi a temperatures extremes.<\/p>\n\n\n\n<p class=\"has-neve-text-color-color has-text-color has-link-color wp-elements-a8ff377e1be1ec18912adbc7da8f9ab4\">Els <strong>a\u00efllants t\u00e8rmics per a campers<\/strong> actuen com una barrera protectora davant de la calor i el fred, permetent que l&#039;interior del vehicle mantingui una temperatura molt m\u00e9s estable. Aix\u00f2 es tradueix en un menor \u00fas de calefacci\u00f3 o aire condicionat, cosa que implica un estalvi de bateria, gas o combustible, depenent del sistema que utilitzis. A m\u00e9s, un bon a\u00efllament ajuda a reduir la condensaci\u00f3 a l&#039;interior, evitant problemes com humitat, males olors o deteriorament de materials.<\/p>\n\n\n<div class=\"wp-block-image\">\n<figure class=\"aligncenter size-large\"><img fetchpriority=\"high\" decoding=\"async\" width=\"1024\" height=\"724\" src=\"https:\/\/m2camper.com\/wp-content\/uploads\/2025\/05\/aislantes-termicos-para-camionetas-camper-1024x724.jpg\" alt=\"\" class=\"wp-image-13624\" srcset=\"https:\/\/m2camper.com\/wp-content\/uploads\/2025\/05\/aislantes-termicos-para-camionetas-camper-1024x724.jpg 1024w, https:\/\/m2camper.com\/wp-content\/uploads\/2025\/05\/aislantes-termicos-para-camionetas-camper-300x212.jpg 300w, https:\/\/m2camper.com\/wp-content\/uploads\/2025\/05\/aislantes-termicos-para-camionetas-camper-768x543.jpg 768w, https:\/\/m2camper.com\/wp-content\/uploads\/2025\/05\/aislantes-termicos-para-camionetas-camper-1536x1086.jpg 1536w, https:\/\/m2camper.com\/wp-content\/uploads\/2025\/05\/aislantes-termicos-para-camionetas-camper-18x12.jpg 18w, https:\/\/m2camper.com\/wp-content\/uploads\/2025\/05\/aislantes-termicos-para-camionetas-camper-600x424.jpg 600w, https:\/\/m2camper.com\/wp-content\/uploads\/2025\/05\/aislantes-termicos-para-camionetas-camper.jpg 2000w\" sizes=\"(max-width: 1024px) 100vw, 1024px\" \/><\/figure>\n<\/div>\n\n\n<h2 class=\"wp-block-heading has-neve-text-color-color has-text-color has-link-color wp-elements-ba714f08e83b46cc797e088637d20f36\">L&#039;a\u00efllant t\u00e8rmic per a campers de 9 capes: rendiment i fiabilitat per a totes les rutes<\/h2>\n\n\n\n<p class=\"has-neve-text-color-color has-text-color has-link-color wp-elements-89447065859837ef569ff76964f8a7b8\">A M2 Camper apostem per un \u00fanic model d\u00b4a\u00efllant t\u00e8rmic perqu\u00e8 creiem que quan un producte funciona realment b\u00e9, no cal complicar-se amb alternatives. El nostre <strong>a\u00efllant t\u00e8rmic per a campers<\/strong> de 9 capes combina diferents materials que treballen en conjunt per oferir un excel\u00b7lent rendiment tant en climes freds com calorosos.<\/p>\n\n\n\n<p>Aquest a\u00efllant s&#039;ha desenvolupat per maximitzar l&#039;efici\u00e8ncia energ\u00e8tica del vehicle i garantir un alt grau de confort interior. La seva estructura multicapa permet:<\/p>\n\n\n\n<ul class=\"wp-block-list\">\n<li>Reflectir la calor del sol a l&#039;estiu.<\/li>\n\n\n\n<li>Conservar la calor interior a lhivern.<\/li>\n\n\n\n<li>Redu\u00efu al m\u00e0xim els intercanvis t\u00e8rmics amb l&#039;exterior.<\/li>\n\n\n\n<li>Protegir linterior del vehicle de la humitat i la condensaci\u00f3.<\/li>\n<\/ul>\n\n\n\n<p>Gr\u00e0cies a la seva flexibilitat, lleugeresa i durabilitat, aquest material \u00e9s ideal per adaptar-se a sostres, parets laterals, terres, portes i altres superf\u00edcies clau. Amb una correcta instal\u00b7laci\u00f3, el seu efecte \u00e9s immediat i durador.<\/p>\n\n\n\n<h2 class=\"wp-block-heading has-neve-text-color-color has-text-color has-link-color wp-elements-e979425f6c5264b7beaf5c20b9818cf2\">Consells per treure el m\u00e0xim partit a l&#039;a\u00efllament t\u00e8rmic per a campers <\/h2>\n\n\n\n<p>Per aprofitar tot el potencial de l&#039;a\u00efllant t\u00e8rmic de 9 capes, \u00e9s important tenir en compte alguns aspectes clau durant la instal\u00b7laci\u00f3:<\/p>\n\n\n\n<ol class=\"wp-block-list\">\n<li class=\"has-neve-text-color-color has-text-color has-link-color wp-elements-6ef45140adf79b0ed36315270dec157f\"><strong>Cobrir totes les superf\u00edcies rellevants<\/strong>: sostres, parets, portes i fins i tot el terra han de ser a\u00efllats per evitar punts de fugida t\u00e8rmica. Moltes vegades es prioritza el sostre, per\u00f2 el terra tamb\u00e9 \u00e9s una zona cr\u00edtica.<\/li>\n\n\n\n<li class=\"has-neve-text-color-color has-text-color has-link-color wp-elements-5707288f7179ea689fe871054b0c34f9\"><strong>Segellat adequat<\/strong>: assegurar-se que no hi hagi buits ni ponts t\u00e8rmics \u00e9s essencial. Fins i tot una zona petita sense cobrir pot afectar el rendiment global de l&#039;a\u00efllament.<\/li>\n\n\n\n<li class=\"has-neve-text-color-color has-text-color has-link-color wp-elements-19f5c0db9f1a36b68b8aa42eeffb6c95\"><strong>Instal\u00b7laci\u00f3 precisa<\/strong>: un material excel\u00b7lent requereix una instal\u00b7laci\u00f3 acurada. A M2 Camper ens assegurem que el proc\u00e9s es realitzi amb precisi\u00f3 per garantir un resultat durador i eficient.<\/li>\n<\/ol>\n\n\n\n<h5 class=\"wp-block-heading has-neve-text-color-color has-text-color has-link-color wp-elements-01fd3a658b502c082ea88c90d6361b0d\">Beneficis reals: m\u00e9s confort, menys consum<\/h5>\n\n\n\n<p>La inversi\u00f3 en un bon sistema d&#039;a\u00efllament t\u00e8rmic no nom\u00e9s millora l&#039;experi\u00e8ncia de viatge, tamb\u00e9 t\u00e9 beneficis concrets a mitj\u00e0 i llarg termini:<\/p>\n\n\n\n<ul class=\"wp-block-list\">\n<li class=\"has-neve-text-color-color has-text-color has-link-color wp-elements-5168a615edd296eba06b42e999f2c2ba\"><strong>Major confort a totes les estacions<\/strong>: podr\u00e0s gaudir del teu camper tant a ple estiu com a l&#039;hivern, sense dependre constantment de sistemes de climatitzaci\u00f3.<\/li>\n\n\n\n<li class=\"has-neve-text-color-color has-text-color has-link-color wp-elements-c1c932bdc06645df1d9f9ff2a2d00334\"><strong>Reducci\u00f3 del consum energ\u00e8tic<\/strong>: fer servir menys calefacci\u00f3 o aire condicionat suposa un estalvi en gas, bateria o combustible.<\/li>\n\n\n\n<li class=\"has-neve-text-color-color has-text-color has-link-color wp-elements-a6c2f3f40916ced3eedf1adb0ce854dd\"><strong>Protecci\u00f3 de l&#039;interior<\/strong>: en reduir la condensaci\u00f3 i la humitat, els acabats i components del vehicle es conserven millor.<\/li>\n<\/ul>\n\n\n\n<p>Tot aix\u00f2 es tradueix en una experi\u00e8ncia m\u00e9s agradable, pr\u00e0ctica i sostenible.<\/p>\n\n\n<div class=\"wp-block-image\">\n<figure class=\"aligncenter size-large\"><img decoding=\"async\" width=\"1024\" height=\"724\" src=\"https:\/\/m2camper.com\/wp-content\/uploads\/2025\/05\/aislantes-termicos-1024x724.jpg\" alt=\"\" class=\"wp-image-13625\" srcset=\"https:\/\/m2camper.com\/wp-content\/uploads\/2025\/05\/aislantes-termicos-1024x724.jpg 1024w, https:\/\/m2camper.com\/wp-content\/uploads\/2025\/05\/aislantes-termicos-300x212.jpg 300w, https:\/\/m2camper.com\/wp-content\/uploads\/2025\/05\/aislantes-termicos-768x543.jpg 768w, https:\/\/m2camper.com\/wp-content\/uploads\/2025\/05\/aislantes-termicos-1536x1086.jpg 1536w, https:\/\/m2camper.com\/wp-content\/uploads\/2025\/05\/aislantes-termicos-18x12.jpg 18w, https:\/\/m2camper.com\/wp-content\/uploads\/2025\/05\/aislantes-termicos-600x424.jpg 600w, https:\/\/m2camper.com\/wp-content\/uploads\/2025\/05\/aislantes-termicos.jpg 2000w\" sizes=\"(max-width: 1024px) 100vw, 1024px\" \/><\/figure>\n<\/div>\n\n\n<h2 class=\"wp-block-heading has-neve-text-color-color has-text-color has-link-color wp-elements-5ca1ac45ff77b3a197f78f9943a1e954\">M2 Camper: experts en a\u00efllants t\u00e8rmics per a campers <\/h2>\n\n\n\n<p>A M2 Camper ens especialitzem en la millora del confort t\u00e8rmic en vehicles campers, oferint materials d&#039;alt rendiment i assessorament personalitzat per a cada projecte. La nostra experi\u00e8ncia al sector ens permet oferir una soluci\u00f3 efica\u00e7, provada en condicions reals de viatge i adaptada a les necessitats de cada client.<\/p>\n\n\n\n<p>Oferim l&#039;opci\u00f3 d&#039;incorporar butxaques organitzadores als nostres a\u00efllants t\u00e8rmics. Aquestes butxaques s\u00f3n ideals per emmagatzemar petits objectes, com ara claus, m\u00f2bils o llanternes, proporcionant comoditat i organitzaci\u00f3. Les butxaques es cusen directament als a\u00efllants i se subjecten al vidre mitjan\u00e7ant ventoses, assegurant que nom\u00e9s puguin suportar objectes lleugers sense comprometre l&#039;efic\u00e0cia de l&#039;a\u00efllament.<\/p>\n\n\n\n<p>A m\u00e9s, en ser un taller especialitzat, podem fabricar a\u00efllants personalitzats per a qualsevol tipus de vehicle o finestra, adaptant-nos a les necessitats de cada client. Hem realitzat a\u00efllants per a una \u00e0mplia varietat d&#039;aplicacions, incloent finestres d&#039;habitatges amb gran exposici\u00f3 al sol, escales amb lluernes, i fins i tot embarcacions petites. Gr\u00e0cies a la nostra flexibilitat i experi\u00e8ncia, oferim solucions a mida per garantir el millor rendiment t\u00e8rmic a qualsevol entorn. No dubtis a contactar-nos per a m\u00e9s detalls o si tens cap dubte.<\/p>\n\n\n\n<p class=\"has-neve-text-color-color has-text-color has-link-color wp-elements-532314d05499426484ad1f70d31fa82b\">Si est\u00e0s pensant en millorar l&#039;a\u00efllament del teu camper, no ho dubtis: els <strong><a href=\"https:\/\/m2camper.com\/ca\/aillants\/\">a\u00efllants t\u00e8rmics per a campers<\/a><\/strong> que oferim s\u00f3n una inversi\u00f3 que es comen\u00e7a a notar des del primer dia. Menys consum, m\u00e9s confort, m\u00e9s llibertat.<\/p>\n\n\n\n<p class=\"has-neve-text-color-color has-text-color has-link-color wp-elements-71fd9159d45b0e42ba66f598f69ad470\"><\/p>\n\n\n<div class=\"wp-block-image\">\n<figure class=\"aligncenter size-large\"><img decoding=\"async\" width=\"1024\" height=\"724\" src=\"https:\/\/m2camper.com\/wp-content\/uploads\/2025\/05\/oscurecedores-para-camper-1024x724.jpg\" alt=\"\" class=\"wp-image-13626\" srcset=\"https:\/\/m2camper.com\/wp-content\/uploads\/2025\/05\/oscurecedores-para-camper-1024x724.jpg 1024w, https:\/\/m2camper.com\/wp-content\/uploads\/2025\/05\/oscurecedores-para-camper-300x212.jpg 300w, https:\/\/m2camper.com\/wp-content\/uploads\/2025\/05\/oscurecedores-para-camper-768x543.jpg 768w, https:\/\/m2camper.com\/wp-content\/uploads\/2025\/05\/oscurecedores-para-camper-1536x1086.jpg 1536w, https:\/\/m2camper.com\/wp-content\/uploads\/2025\/05\/oscurecedores-para-camper-18x12.jpg 18w, https:\/\/m2camper.com\/wp-content\/uploads\/2025\/05\/oscurecedores-para-camper-600x424.jpg 600w, https:\/\/m2camper.com\/wp-content\/uploads\/2025\/05\/oscurecedores-para-camper.jpg 2000w\" sizes=\"(max-width: 1024px) 100vw, 1024px\" \/><\/figure>\n<\/div>","protected":false},"excerpt":{"rendered":"<p>A\u00efllants t\u00e8rmics per a autocaravanes: estalvi i comoditat a la teva aventura Viatjar en camper \u00e9s una forma de vida que combina llibertat, aventura i contacte directe amb la natura. Per\u00f2 perqu\u00e8 cada trajecte sigui realment c\u00f2mode, \u00e9s fonamental comptar amb un sistema t\u00e8rmic eficient que permeti mantenir una temperatura interior agradable sense dependre en exc\u00e9s\u2026&nbsp;<a href=\"https:\/\/m2camper.com\/ca\/com-millorar-leficiencia-energetica-del-teu-vehicle-amb-aillants-termics-per-a-autocaravanes\/\" rel=\"bookmark\">Llegiu m\u00e9s \u00bb<span class=\"screen-reader-text\">Com millorar l&#039;efici\u00e8ncia energ\u00e8tica del teu vehicle amb a\u00efllants t\u00e8rmics per a autocaravanes<\/span><\/a><\/p>","protected":false},"author":5741,"featured_media":13618,"comment_status":"closed","ping_status":"closed","sticky":false,"template":"","format":"standard","meta":{"neve_meta_sidebar":"","neve_meta_container":"","neve_meta_enable_content_width":"","neve_meta_content_width":0,"neve_meta_title_alignment":"","neve_meta_author_avatar":"","neve_post_elements_order":"","neve_meta_disable_header":"","neve_meta_disable_footer":"","neve_meta_disable_title":"","footnotes":""},"categories":[208],"tags":[209],"class_list":["post-13560","post","type-post","status-publish","format-standard","has-post-thumbnail","hentry","category-aislantes-termicos","tag-aislantes-termicos-para-autocaravanas"],"yoast_head":"<!-- This site is optimized with the Yoast SEO plugin v27.4 - https:\/\/yoast.com\/product\/yoast-seo-wordpress\/ -->\n<title>C\u00f3mo mejorar la eficiencia energ\u00e9tica de tu veh\u00edculo con aislantes t\u00e9rmicos para autocaravanas - M2 Camper | Aislantes t\u00e9rmicos y oscurecedores para campers<\/title>\n<meta name=\"robots\" content=\"index, follow, max-snippet:-1, max-image-preview:large, max-video-preview:-1\" \/>\n<link rel=\"canonical\" href=\"https:\/\/m2camper.com\/ca\/com-millorar-leficiencia-energetica-del-teu-vehicle-amb-aillants-termics-per-a-autocaravanes\/\" \/>\n<meta property=\"og:locale\" content=\"ca_ES\" \/>\n<meta property=\"og:type\" content=\"article\" \/>\n<meta property=\"og:title\" content=\"C\u00f3mo mejorar la eficiencia energ\u00e9tica de tu veh\u00edculo con aislantes t\u00e9rmicos para autocaravanas - M2 Camper | Aislantes t\u00e9rmicos y oscurecedores para campers\" \/>\n<meta property=\"og:description\" content=\"Aislantes t\u00e9rmicos para autocaravanas: ahorro y comodidad en tu aventura Viajar en camper es una forma de vida que combina libertad, aventura y contacto directo con la naturaleza. Pero para que cada trayecto sea realmente c\u00f3modo, es fundamental contar con un sistema t\u00e9rmico eficiente que permita mantener una temperatura interior agradable sin depender en exceso&hellip;&nbsp;Llegiu m\u00e9s &raquo;C\u00f3mo mejorar la eficiencia energ\u00e9tica de tu veh\u00edculo con aislantes t\u00e9rmicos para autocaravanas\" \/>\n<meta property=\"og:url\" content=\"https:\/\/m2camper.com\/ca\/com-millorar-leficiencia-energetica-del-teu-vehicle-amb-aillants-termics-per-a-autocaravanes\/\" \/>\n<meta property=\"og:site_name\" content=\"M2 Camper | Aislantes t\u00e9rmicos y oscurecedores para campers\" \/>\n<meta property=\"article:published_time\" content=\"2025-05-05T08:33:11+00:00\" \/>\n<meta property=\"article:modified_time\" content=\"2025-05-27T08:11:29+00:00\" \/>\n<meta property=\"og:image\" content=\"https:\/\/m2camper.com\/wp-content\/uploads\/2025\/04\/aislante-para-furgos-1.jpg\" \/>\n\t<meta property=\"og:image:width\" content=\"2000\" \/>\n\t<meta property=\"og:image:height\" content=\"1414\" \/>\n\t<meta property=\"og:image:type\" content=\"image\/jpeg\" \/>\n<meta name=\"author\" content=\"Prubs214s\" \/>\n<meta name=\"twitter:card\" content=\"summary_large_image\" \/>\n<meta name=\"twitter:label1\" content=\"Escrit per\" \/>\n\t<meta name=\"twitter:data1\" content=\"Prubs214s\" \/>\n\t<meta name=\"twitter:label2\" content=\"Temps estimat de lectura\" \/>\n\t<meta name=\"twitter:data2\" content=\"5 minuts\" \/>\n<script type=\"application\/ld+json\" class=\"yoast-schema-graph\">{\"@context\":\"https:\\\/\\\/schema.org\",\"@graph\":[{\"@type\":\"Article\",\"@id\":\"https:\\\/\\\/m2camper.com\\\/como-mejorar-la-eficiencia-energetica-de-tu-vehiculo-con-aislantes-termicos-para-autocaravanas\\\/#article\",\"isPartOf\":{\"@id\":\"https:\\\/\\\/m2camper.com\\\/como-mejorar-la-eficiencia-energetica-de-tu-vehiculo-con-aislantes-termicos-para-autocaravanas\\\/\"},\"author\":{\"name\":\"Prubs214s\",\"@id\":\"https:\\\/\\\/m2camper.com\\\/pt\\\/#\\\/schema\\\/person\\\/ad1e681f60b2e23c9b88a93e6d3feab3\"},\"headline\":\"C\u00f3mo mejorar la eficiencia energ\u00e9tica de tu veh\u00edculo con aislantes t\u00e9rmicos para autocaravanas\",\"datePublished\":\"2025-05-05T08:33:11+00:00\",\"dateModified\":\"2025-05-27T08:11:29+00:00\",\"mainEntityOfPage\":{\"@id\":\"https:\\\/\\\/m2camper.com\\\/como-mejorar-la-eficiencia-energetica-de-tu-vehiculo-con-aislantes-termicos-para-autocaravanas\\\/\"},\"wordCount\":968,\"image\":{\"@id\":\"https:\\\/\\\/m2camper.com\\\/como-mejorar-la-eficiencia-energetica-de-tu-vehiculo-con-aislantes-termicos-para-autocaravanas\\\/#primaryimage\"},\"thumbnailUrl\":\"https:\\\/\\\/m2camper.com\\\/wp-content\\\/uploads\\\/2025\\\/04\\\/aislante-para-furgos-1.jpg\",\"keywords\":[\"Aislantes t\u00e9rmicos para autocaravanas\"],\"articleSection\":[\"Aislantes t\u00e9rmicos\"],\"inLanguage\":\"ca\"},{\"@type\":\"WebPage\",\"@id\":\"https:\\\/\\\/m2camper.com\\\/como-mejorar-la-eficiencia-energetica-de-tu-vehiculo-con-aislantes-termicos-para-autocaravanas\\\/\",\"url\":\"https:\\\/\\\/m2camper.com\\\/como-mejorar-la-eficiencia-energetica-de-tu-vehiculo-con-aislantes-termicos-para-autocaravanas\\\/\",\"name\":\"C\u00f3mo mejorar la eficiencia energ\u00e9tica de tu veh\u00edculo con aislantes t\u00e9rmicos para autocaravanas - M2 Camper | Aislantes t\u00e9rmicos y oscurecedores para campers\",\"isPartOf\":{\"@id\":\"https:\\\/\\\/m2camper.com\\\/pt\\\/#website\"},\"primaryImageOfPage\":{\"@id\":\"https:\\\/\\\/m2camper.com\\\/como-mejorar-la-eficiencia-energetica-de-tu-vehiculo-con-aislantes-termicos-para-autocaravanas\\\/#primaryimage\"},\"image\":{\"@id\":\"https:\\\/\\\/m2camper.com\\\/como-mejorar-la-eficiencia-energetica-de-tu-vehiculo-con-aislantes-termicos-para-autocaravanas\\\/#primaryimage\"},\"thumbnailUrl\":\"https:\\\/\\\/m2camper.com\\\/wp-content\\\/uploads\\\/2025\\\/04\\\/aislante-para-furgos-1.jpg\",\"datePublished\":\"2025-05-05T08:33:11+00:00\",\"dateModified\":\"2025-05-27T08:11:29+00:00\",\"author\":{\"@id\":\"https:\\\/\\\/m2camper.com\\\/pt\\\/#\\\/schema\\\/person\\\/ad1e681f60b2e23c9b88a93e6d3feab3\"},\"breadcrumb\":{\"@id\":\"https:\\\/\\\/m2camper.com\\\/como-mejorar-la-eficiencia-energetica-de-tu-vehiculo-con-aislantes-termicos-para-autocaravanas\\\/#breadcrumb\"},\"inLanguage\":\"ca\",\"potentialAction\":[{\"@type\":\"ReadAction\",\"target\":[\"https:\\\/\\\/m2camper.com\\\/como-mejorar-la-eficiencia-energetica-de-tu-vehiculo-con-aislantes-termicos-para-autocaravanas\\\/\"]}]},{\"@type\":\"ImageObject\",\"inLanguage\":\"ca\",\"@id\":\"https:\\\/\\\/m2camper.com\\\/como-mejorar-la-eficiencia-energetica-de-tu-vehiculo-con-aislantes-termicos-para-autocaravanas\\\/#primaryimage\",\"url\":\"https:\\\/\\\/m2camper.com\\\/wp-content\\\/uploads\\\/2025\\\/04\\\/aislante-para-furgos-1.jpg\",\"contentUrl\":\"https:\\\/\\\/m2camper.com\\\/wp-content\\\/uploads\\\/2025\\\/04\\\/aislante-para-furgos-1.jpg\",\"width\":2000,\"height\":1414},{\"@type\":\"BreadcrumbList\",\"@id\":\"https:\\\/\\\/m2camper.com\\\/como-mejorar-la-eficiencia-energetica-de-tu-vehiculo-con-aislantes-termicos-para-autocaravanas\\\/#breadcrumb\",\"itemListElement\":[{\"@type\":\"ListItem\",\"position\":1,\"name\":\"Portada\",\"item\":\"https:\\\/\\\/m2camper.com\\\/pt\\\/\"},{\"@type\":\"ListItem\",\"position\":2,\"name\":\"C\u00f3mo mejorar la eficiencia energ\u00e9tica de tu veh\u00edculo con aislantes t\u00e9rmicos para autocaravanas\"}]},{\"@type\":\"WebSite\",\"@id\":\"https:\\\/\\\/m2camper.com\\\/pt\\\/#website\",\"url\":\"https:\\\/\\\/m2camper.com\\\/pt\\\/\",\"name\":\"M2 Campers | Aislantes t\u00e9rmicos y oscurecedores para campers\",\"description\":\"Descubre calidad y confort de nuestros aislantes t\u00e9rmicos oscurecedores y colchones para veh\u00edculos. Optimiza tu experiencia en carretera con M2 Camper.\",\"potentialAction\":[{\"@type\":\"SearchAction\",\"target\":{\"@type\":\"EntryPoint\",\"urlTemplate\":\"https:\\\/\\\/m2camper.com\\\/pt\\\/?s={search_term_string}\"},\"query-input\":{\"@type\":\"PropertyValueSpecification\",\"valueRequired\":true,\"valueName\":\"search_term_string\"}}],\"inLanguage\":\"ca\"},{\"@type\":\"Person\",\"@id\":\"https:\\\/\\\/m2camper.com\\\/pt\\\/#\\\/schema\\\/person\\\/ad1e681f60b2e23c9b88a93e6d3feab3\",\"name\":\"Prubs214s\",\"image\":{\"@type\":\"ImageObject\",\"inLanguage\":\"ca\",\"@id\":\"https:\\\/\\\/secure.gravatar.com\\\/avatar\\\/74706914812c3b473b95a5253410b33d71c50bf5f0d5423532bc0afa617d4316?s=96&d=mm&r=g\",\"url\":\"https:\\\/\\\/secure.gravatar.com\\\/avatar\\\/74706914812c3b473b95a5253410b33d71c50bf5f0d5423532bc0afa617d4316?s=96&d=mm&r=g\",\"contentUrl\":\"https:\\\/\\\/secure.gravatar.com\\\/avatar\\\/74706914812c3b473b95a5253410b33d71c50bf5f0d5423532bc0afa617d4316?s=96&d=mm&r=g\",\"caption\":\"Prubs214s\"},\"url\":\"https:\\\/\\\/m2camper.com\\\/ca\\\/author\\\/prubs214s\\\/\"}]}<\/script>\n<!-- \/ Yoast SEO plugin. -->","yoast_head_json":{"title":"Com millorar l&#039;efici\u00e8ncia energ\u00e8tica del teu vehicle amb a\u00efllants t\u00e8rmics per a autocaravanes - M2 Camper | A\u00efllants t\u00e8rmics i enfosquidors per a campers","robots":{"index":"index","follow":"follow","max-snippet":"max-snippet:-1","max-image-preview":"max-image-preview:large","max-video-preview":"max-video-preview:-1"},"canonical":"https:\/\/m2camper.com\/ca\/com-millorar-leficiencia-energetica-del-teu-vehicle-amb-aillants-termics-per-a-autocaravanes\/","og_locale":"ca_ES","og_type":"article","og_title":"C\u00f3mo mejorar la eficiencia energ\u00e9tica de tu veh\u00edculo con aislantes t\u00e9rmicos para autocaravanas - M2 Camper | Aislantes t\u00e9rmicos y oscurecedores para campers","og_description":"Aislantes t\u00e9rmicos para autocaravanas: ahorro y comodidad en tu aventura Viajar en camper es una forma de vida que combina libertad, aventura y contacto directo con la naturaleza. Pero para que cada trayecto sea realmente c\u00f3modo, es fundamental contar con un sistema t\u00e9rmico eficiente que permita mantener una temperatura interior agradable sin depender en exceso&hellip;&nbsp;Llegiu m\u00e9s &raquo;C\u00f3mo mejorar la eficiencia energ\u00e9tica de tu veh\u00edculo con aislantes t\u00e9rmicos para autocaravanas","og_url":"https:\/\/m2camper.com\/ca\/com-millorar-leficiencia-energetica-del-teu-vehicle-amb-aillants-termics-per-a-autocaravanes\/","og_site_name":"M2 Camper | Aislantes t\u00e9rmicos y oscurecedores para campers","article_published_time":"2025-05-05T08:33:11+00:00","article_modified_time":"2025-05-27T08:11:29+00:00","og_image":[{"width":2000,"height":1414,"url":"https:\/\/m2camper.com\/wp-content\/uploads\/2025\/04\/aislante-para-furgos-1.jpg","type":"image\/jpeg"}],"author":"Prubs214s","twitter_card":"summary_large_image","twitter_misc":{"Escrit per":"Prubs214s","Temps estimat de lectura":"5 minuts"},"schema":{"@context":"https:\/\/schema.org","@graph":[{"@type":"Article","@id":"https:\/\/m2camper.com\/como-mejorar-la-eficiencia-energetica-de-tu-vehiculo-con-aislantes-termicos-para-autocaravanas\/#article","isPartOf":{"@id":"https:\/\/m2camper.com\/como-mejorar-la-eficiencia-energetica-de-tu-vehiculo-con-aislantes-termicos-para-autocaravanas\/"},"author":{"name":"Prubs214s","@id":"https:\/\/m2camper.com\/pt\/#\/schema\/person\/ad1e681f60b2e23c9b88a93e6d3feab3"},"headline":"C\u00f3mo mejorar la eficiencia energ\u00e9tica de tu veh\u00edculo con aislantes t\u00e9rmicos para autocaravanas","datePublished":"2025-05-05T08:33:11+00:00","dateModified":"2025-05-27T08:11:29+00:00","mainEntityOfPage":{"@id":"https:\/\/m2camper.com\/como-mejorar-la-eficiencia-energetica-de-tu-vehiculo-con-aislantes-termicos-para-autocaravanas\/"},"wordCount":968,"image":{"@id":"https:\/\/m2camper.com\/como-mejorar-la-eficiencia-energetica-de-tu-vehiculo-con-aislantes-termicos-para-autocaravanas\/#primaryimage"},"thumbnailUrl":"https:\/\/m2camper.com\/wp-content\/uploads\/2025\/04\/aislante-para-furgos-1.jpg","keywords":["Aislantes t\u00e9rmicos para autocaravanas"],"articleSection":["Aislantes t\u00e9rmicos"],"inLanguage":"ca"},{"@type":"WebPage","@id":"https:\/\/m2camper.com\/como-mejorar-la-eficiencia-energetica-de-tu-vehiculo-con-aislantes-termicos-para-autocaravanas\/","url":"https:\/\/m2camper.com\/como-mejorar-la-eficiencia-energetica-de-tu-vehiculo-con-aislantes-termicos-para-autocaravanas\/","name":"Com millorar l&#039;efici\u00e8ncia energ\u00e8tica del teu vehicle amb a\u00efllants t\u00e8rmics per a autocaravanes - M2 Camper | A\u00efllants t\u00e8rmics i enfosquidors per a campers","isPartOf":{"@id":"https:\/\/m2camper.com\/pt\/#website"},"primaryImageOfPage":{"@id":"https:\/\/m2camper.com\/como-mejorar-la-eficiencia-energetica-de-tu-vehiculo-con-aislantes-termicos-para-autocaravanas\/#primaryimage"},"image":{"@id":"https:\/\/m2camper.com\/como-mejorar-la-eficiencia-energetica-de-tu-vehiculo-con-aislantes-termicos-para-autocaravanas\/#primaryimage"},"thumbnailUrl":"https:\/\/m2camper.com\/wp-content\/uploads\/2025\/04\/aislante-para-furgos-1.jpg","datePublished":"2025-05-05T08:33:11+00:00","dateModified":"2025-05-27T08:11:29+00:00","author":{"@id":"https:\/\/m2camper.com\/pt\/#\/schema\/person\/ad1e681f60b2e23c9b88a93e6d3feab3"},"breadcrumb":{"@id":"https:\/\/m2camper.com\/como-mejorar-la-eficiencia-energetica-de-tu-vehiculo-con-aislantes-termicos-para-autocaravanas\/#breadcrumb"},"inLanguage":"ca","potentialAction":[{"@type":"ReadAction","target":["https:\/\/m2camper.com\/como-mejorar-la-eficiencia-energetica-de-tu-vehiculo-con-aislantes-termicos-para-autocaravanas\/"]}]},{"@type":"ImageObject","inLanguage":"ca","@id":"https:\/\/m2camper.com\/como-mejorar-la-eficiencia-energetica-de-tu-vehiculo-con-aislantes-termicos-para-autocaravanas\/#primaryimage","url":"https:\/\/m2camper.com\/wp-content\/uploads\/2025\/04\/aislante-para-furgos-1.jpg","contentUrl":"https:\/\/m2camper.com\/wp-content\/uploads\/2025\/04\/aislante-para-furgos-1.jpg","width":2000,"height":1414},{"@type":"BreadcrumbList","@id":"https:\/\/m2camper.com\/como-mejorar-la-eficiencia-energetica-de-tu-vehiculo-con-aislantes-termicos-para-autocaravanas\/#breadcrumb","itemListElement":[{"@type":"ListItem","position":1,"name":"Portada","item":"https:\/\/m2camper.com\/pt\/"},{"@type":"ListItem","position":2,"name":"C\u00f3mo mejorar la eficiencia energ\u00e9tica de tu veh\u00edculo con aislantes t\u00e9rmicos para autocaravanas"}]},{"@type":"WebSite","@id":"https:\/\/m2camper.com\/pt\/#website","url":"https:\/\/m2camper.com\/pt\/","name":"M2 Campers | A\u00efllants t\u00e8rmics i enfosquidors per a campers","description":"Descobreix qualitat i confort dels nostres a\u00efllants t\u00e8rmics enfosquidors i matalassos per a vehicles. Optimitza la teva experi\u00e8ncia a la carretera amb M2 Camper.","potentialAction":[{"@type":"SearchAction","target":{"@type":"EntryPoint","urlTemplate":"https:\/\/m2camper.com\/pt\/?s={search_term_string}"},"query-input":{"@type":"PropertyValueSpecification","valueRequired":true,"valueName":"search_term_string"}}],"inLanguage":"ca"},{"@type":"Person","@id":"https:\/\/m2camper.com\/pt\/#\/schema\/person\/ad1e681f60b2e23c9b88a93e6d3feab3","name":"Prubs214s","image":{"@type":"ImageObject","inLanguage":"ca","@id":"https:\/\/secure.gravatar.com\/avatar\/74706914812c3b473b95a5253410b33d71c50bf5f0d5423532bc0afa617d4316?s=96&d=mm&r=g","url":"https:\/\/secure.gravatar.com\/avatar\/74706914812c3b473b95a5253410b33d71c50bf5f0d5423532bc0afa617d4316?s=96&d=mm&r=g","contentUrl":"https:\/\/secure.gravatar.com\/avatar\/74706914812c3b473b95a5253410b33d71c50bf5f0d5423532bc0afa617d4316?s=96&d=mm&r=g","caption":"Prubs214s"},"url":"https:\/\/m2camper.com\/ca\/author\/prubs214s\/"}]}},"_links":{"self":[{"href":"https:\/\/m2camper.com\/ca\/wp-json\/wp\/v2\/posts\/13560","targetHints":{"allow":["GET"]}}],"collection":[{"href":"https:\/\/m2camper.com\/ca\/wp-json\/wp\/v2\/posts"}],"about":[{"href":"https:\/\/m2camper.com\/ca\/wp-json\/wp\/v2\/types\/post"}],"author":[{"embeddable":true,"href":"https:\/\/m2camper.com\/ca\/wp-json\/wp\/v2\/users\/5741"}],"replies":[{"embeddable":true,"href":"https:\/\/m2camper.com\/ca\/wp-json\/wp\/v2\/comments?post=13560"}],"version-history":[{"count":4,"href":"https:\/\/m2camper.com\/ca\/wp-json\/wp\/v2\/posts\/13560\/revisions"}],"predecessor-version":[{"id":13727,"href":"https:\/\/m2camper.com\/ca\/wp-json\/wp\/v2\/posts\/13560\/revisions\/13727"}],"wp:featuredmedia":[{"embeddable":true,"href":"https:\/\/m2camper.com\/ca\/wp-json\/wp\/v2\/media\/13618"}],"wp:attachment":[{"href":"https:\/\/m2camper.com\/ca\/wp-json\/wp\/v2\/media?parent=13560"}],"wp:term":[{"taxonomy":"category","embeddable":true,"href":"https:\/\/m2camper.com\/ca\/wp-json\/wp\/v2\/categories?post=13560"},{"taxonomy":"post_tag","embeddable":true,"href":"https:\/\/m2camper.com\/ca\/wp-json\/wp\/v2\/tags?post=13560"}],"curies":[{"name":"wp","href":"https:\/\/api.w.org\/{rel}","templated":true}]}}