{"id":11574,"date":"2024-06-16T08:16:20","date_gmt":"2024-06-16T08:16:20","guid":{"rendered":"https:\/\/ultbit.com\/m2camper\/?p=11574"},"modified":"2025-02-07T08:32:09","modified_gmt":"2025-02-07T08:32:09","slug":"aillants-i-matalassos-per-a-vehicles-camper","status":"publish","type":"post","link":"https:\/\/m2camper.com\/ca\/aillants-i-matalassos-per-a-vehicles-camper\/","title":{"rendered":"A\u00efllants i Matalassos per a Vehicles Camper: La Import\u00e0ncia de l&#039;Efici\u00e8ncia Energ\u00e8tica i la Durabilitat"},"content":{"rendered":"<div class=\"nLG8d5\" data-hook=\"post-description\">\n<article class=\"blog-post-page-font\">\n<div class=\"post-content__body stSKMK\">\n<div class=\"moHCnT\">\n<div class=\"moHCnT\">\n<div class=\"fTEXDR\" data-rce-version=\"10.117.2\">\n<div class=\"m6AOT\" dir=\"ltr\" data-id=\"content-viewer\">\n<div class=\"uSiJi\">\n<div class=\"X6Wo9\">\n<div data-breakout=\"normal\">\n<p id=\"viewer-foo\" class=\"cqfST cQRuq WGebp jTM--\" dir=\"auto\"><span class=\"_61ACD\">Quan transformem un vehicle en un camper, molts pensem en el confort i la comoditat, per\u00f2 hi ha altres aspectes igual de crucials que hem de tenir en compte: l&#039;efici\u00e8ncia energ\u00e8tica i la durabilitat. Aquests dos elements s\u00f3n essencials per assegurar que el teu camper no nom\u00e9s sigui c\u00f2mode, sin\u00f3 tamb\u00e9 pr\u00e0ctic i sostenible a llarg termini.<\/span><\/p>\n<\/div>\n<div data-breakout=\"normal\">\n<h3 id=\"viewer-pdtzf61\" class=\"jZpvm scQlf WGebp jTM--\" dir=\"auto\"><span class=\"hpUmk\" style=\"color: #000000;\">Efici\u00e8ncia Energ\u00e8tica: Mantenint el Clima Ideal<\/span><\/h3>\n<\/div>\n<div data-breakout=\"normal\">\n<h4 id=\"viewer-xyeqm63\" class=\"UQERr scQlf WGebp jTM--\" dir=\"auto\"><span class=\"hpUmk\" style=\"color: #000000;\">A\u00efllament T\u00e8rmic<\/span><\/h4>\n<\/div>\n<div data-breakout=\"normal\">\n<p id=\"viewer-mh3xz65\" class=\"cqfST cQRuq WGebp jTM--\" dir=\"auto\"><span class=\"_61ACD\">Un dels desafiaments m\u00e9s grans en un vehicle camper \u00e9s mantenir una temperatura confortable sense dependre excessivament de calefacci\u00f3 o aire condicionat, especialment quan es viatja a climes extrems. Aqu\u00ed \u00e9s on l&#039;a\u00efllament t\u00e8rmic hi juga un paper vital. Els a\u00efllants d&#039;alta qualitat poden mantenir la calor dins del camper durant l&#039;hivern i reflectir-lo fora a l&#039;estiu. Aix\u00f2 no nom\u00e9s millora la comoditat, sin\u00f3 que tamb\u00e9 redueix el consum d&#039;energia, allargant la vida \u00fatil dels sistemes de calefacci\u00f3 i refrigeraci\u00f3.<\/span><\/p>\n<\/div>\n<div data-breakout=\"normal\">\n<h4 id=\"viewer-zjz2067\" class=\"UQERr scQlf WGebp jTM--\" dir=\"auto\"><span class=\"hpUmk\" style=\"color: #000000;\">A\u00efllament Ac\u00fastic<\/span><\/h4>\n<\/div>\n<div data-breakout=\"normal\">\n<p id=\"viewer-pkqft69\" class=\"cqfST cQRuq WGebp jTM--\" dir=\"auto\"><span class=\"_61ACD\">A m\u00e9s de l&#039;a\u00efllament t\u00e8rmic, l&#039;a\u00efllament ac\u00fastic \u00e9s un altre aspecte important per millorar l&#039;efici\u00e8ncia energ\u00e8tica del camper. Un bon a\u00efllament ac\u00fastic pot reduir el soroll exterior, creant un ambient m\u00e9s tranquil i permetent un descans millor. Menys soroll significa menys estr\u00e8s i una menor necessitat de dispositius addicionals per crear un ambient relaxant, cosa que tamb\u00e9 contribueix a l&#039;efici\u00e8ncia energ\u00e8tica del vehicle.<\/span><\/p>\n<\/div>\n<div data-breakout=\"normal\">\n<h3 id=\"viewer-0bims71\" class=\"jZpvm scQlf WGebp jTM--\" dir=\"auto\"><span class=\"hpUmk\" style=\"color: #000000;\">Durabilitat: Assegurant un Inversi\u00f3 a Llarg Termini<\/span><\/h3>\n<\/div>\n<div data-breakout=\"normal\">\n<h4 id=\"viewer-p13pu73\" class=\"UQERr scQlf WGebp jTM--\" dir=\"auto\"><span class=\"hpUmk\" style=\"color: #000000;\">Materials Resistents<\/span><\/h4>\n<\/div>\n<div data-breakout=\"normal\">\n<p id=\"viewer-9go2475\" class=\"cqfST cQRuq WGebp jTM--\" dir=\"auto\"><span class=\"_61ACD\">La durabilitat dels materials d&#039;a\u00efllament i dels matalassos \u00e9s crucial per a la longevitat del camper. Materials com l&#039;a\u00efllant de 9 capes s\u00f3n coneguts per la resist\u00e8ncia i la durabilitat. Aquests materials tamb\u00e9 s\u00f3n eficients en termes d\u201fa\u00efllament t\u00e8rmic i ac\u00fastic a llarg termini.<\/span><\/p>\n<\/div>\n<div data-breakout=\"normal\">\n<h4 id=\"viewer-7qwlw77\" class=\"UQERr scQlf WGebp jTM--\" dir=\"auto\"><span class=\"hpUmk\" style=\"color: #000000;\">Matalassos d&#039;alta qualitat<\/span><\/h4>\n<\/div>\n<div data-breakout=\"normal\">\n<p id=\"viewer-32vem79\" class=\"cqfST cQRuq WGebp jTM--\" dir=\"auto\"><span class=\"_61ACD\">Pel que fa als matalassos, optar per aquells fabricats amb materials duradors i d&#039;alta qualitat \u00e9s una inversi\u00f3 que val la pena. Els matalassos d&#039;escuma amb viscoel\u00e0stica o d&#039;escumes d&#039;alta qualitat no nom\u00e9s ofereixen un suport i confort excel\u00b7lent, sin\u00f3 que tamb\u00e9 s\u00f3n m\u00e9s resistents a la deformaci\u00f3 i al desgast. A m\u00e9s, molts d&#039;aquests matalassos v\u00e9nen amb fundes removibles i rentables, cosa que en facilita el manteniment i perllonga la vida \u00fatil.<\/span><\/p>\n<\/div>\n<div data-breakout=\"normal\">\n<h3 id=\"viewer-wkdku81\" class=\"jZpvm scQlf WGebp jTM--\" dir=\"auto\"><span class=\"hpUmk\" style=\"color: #000000;\">Sostenibilitat: Pensant en el futur<\/span><\/h3>\n<\/div>\n<div data-breakout=\"normal\">\n<h4 id=\"viewer-tv98z87\" class=\"UQERr scQlf WGebp jTM--\" dir=\"auto\"><span class=\"hpUmk\" style=\"color: #000000;\">Reducci\u00f3 del Malbaratament<\/span><\/h4>\n<\/div>\n<div data-breakout=\"normal\">\n<p id=\"viewer-c9e5889\" class=\"cqfST cQRuq WGebp jTM--\" dir=\"auto\"><span class=\"_61ACD\">En triar productes duradors i d&#039;alta qualitat, tamb\u00e9 estem contribuint a reduir el malbaratament. Un a\u00efllant o matal\u00e0s que dura m\u00e9s temps significa menys reempla\u00e7aments i, per tant, menys residus. Aix\u00f2 \u00e9s especialment important en un context de viatge i d&#039;aventura, on la sostenibilitat i el respecte per l&#039;entorn natural s\u00f3n fonamentals.<\/span><\/p>\n<\/div>\n<div data-breakout=\"normal\">\n<h3 id=\"viewer-9ns1191\" class=\"jZpvm scQlf WGebp jTM--\" dir=\"auto\"><span class=\"hpUmk\" style=\"color: #000000;\">Conclusi\u00f3<\/span><\/h3>\n<\/div>\n<div data-breakout=\"normal\">\n<p id=\"viewer-k8azb93\" class=\"cqfST cQRuq WGebp jTM--\" dir=\"auto\"><span class=\"_61ACD\">L&#039;elecci\u00f3 dels a\u00efllants i matalassos adequats per al vehicle camper va m\u00e9s enll\u00e0 de la comoditat. L&#039;efici\u00e8ncia energ\u00e8tica i la durabilitat s\u00f3n aspectes essencials que garanteixen que la teva inversi\u00f3 sigui pr\u00e0ctica i sostenible a llarg termini. En optar per materials d&#039;alta qualitat, no nom\u00e9s estar\u00e0s millorant l&#039;efici\u00e8ncia del teu camper, sin\u00f3 tamb\u00e9 contribuint a un futur m\u00e9s sostenible. Recorda que un camper ben a\u00efllat i equipat no nom\u00e9s et brindar\u00e0 confort, sin\u00f3 tamb\u00e9 tranquil\u00b7litat i efici\u00e8ncia a cada viatge.<\/span><\/p>\n<\/div>\n<div data-breakout=\"normal\">\n<p id=\"viewer-cax3i19411\" class=\"cqfST cQRuq WGebp jTM--\" dir=\"auto\"><span class=\"_61ACD\"><em>Els millors a\u00efllants i matalassos per a vehicles camper estan a M2Camper<\/em><\/span><\/p>\n<\/div>\n<div data-breakout=\"normal\">\n<div id=\"viewer-4q83k10063\" class=\"KqKMh\">\n<div class=\"_7T4Uc LIugr\">\n<figure class=\"P29V1\">\n<div class=\"CuIEU\" tabindex=\"0\" role=\"button\" data-hook=\"imageViewer\" aria-haspopup=\"true\">\n<div id=\"4q83k10063\" class=\"KfAFF ApRDe _84uzj\"><img decoding=\"async\" class=\"aligncenter\" draggable=\"false\" src=\"https:\/\/static.wixstatic.com\/media\/60c9aa_e09f902c950948f4b27e9b3483c8d7a8~mv2.jpg\/v1\/fill\/w_740,h_442,al_c,q_80,usm_0.66_1.00_0.01,enc_auto\/60c9aa_e09f902c950948f4b27e9b3483c8d7a8~mv2.jpg\" alt=\"A\u00efllants i Matalassos per a Vehicles Camper\" data-pin-url=\"https:\/\/m2camper.com\/post\/aislantes-y-colchones-para-vehiculos-camper\" data-pin-media=\"https:\/\/static.wixstatic.com\/media\/60c9aa_e09f902c950948f4b27e9b3483c8d7a8~mv2.jpg\/v1\/fill\/w_2048,h_1222,al_c,q_90\/60c9aa_e09f902c950948f4b27e9b3483c8d7a8~mv2.jpg\" data-ssr-src-done=\"true\" data-load-done=\"\" \/><\/div>\n<\/div>\n<\/figure>\n<\/div>\n<\/div>\n<\/div>\n<div data-hook=\"rcv-block24\"><\/div>\n<div data-breakout=\"normal\">\n<div id=\"viewer-xfusc10300\" class=\"KqKMh\">\n<div class=\"_7T4Uc LIugr\">\n<figure class=\"P29V1\">\n<div class=\"CuIEU\" tabindex=\"0\" role=\"button\" data-hook=\"imageViewer\" aria-haspopup=\"true\">\n<div id=\"xfusc10300\" class=\"KfAFF ApRDe _84uzj\"><img decoding=\"async\" class=\"aligncenter\" draggable=\"false\" src=\"https:\/\/static.wixstatic.com\/media\/60c9aa_f7de191ea4d44694a34f7286a9622e82~mv2.jpg\/v1\/fill\/w_740,h_416,al_c,q_80,usm_0.66_1.00_0.01,enc_auto\/60c9aa_f7de191ea4d44694a34f7286a9622e82~mv2.jpg\" alt=\"A\u00efllants i Matalassos per a Vehicles Camper\" data-pin-url=\"https:\/\/m2camper.com\/post\/aislantes-y-colchones-para-vehiculos-camper\" data-pin-media=\"https:\/\/static.wixstatic.com\/media\/60c9aa_f7de191ea4d44694a34f7286a9622e82~mv2.jpg\/v1\/fill\/w_2000,h_1125,al_c,q_90\/60c9aa_f7de191ea4d44694a34f7286a9622e82~mv2.jpg\" data-load-done=\"\" \/><\/div>\n<\/div>\n<\/figure>\n<\/div>\n<\/div>\n<\/div>\n<\/div>\n<\/div>\n<\/div>\n<\/div>\n<\/div>\n<\/div>\n<\/div>\n<\/article>\n<\/div>","protected":false},"excerpt":{"rendered":"<p>Cuando transformamos un veh\u00edculo en un camper, muchos pensamos en el confort y la comodidad, pero hay otros aspectos igual de cruciales que debemos tener en cuenta: la eficiencia energ\u00e9tica y la durabilidad. Estos dos elementos son esenciales para asegurar que tu camper no solo sea c\u00f3modo, sino tambi\u00e9n pr\u00e1ctico y sostenible a largo plazo.&hellip;&nbsp;<a href=\"https:\/\/m2camper.com\/ca\/aillants-i-matalassos-per-a-vehicles-camper\/\" rel=\"bookmark\">Llegiu m\u00e9s \u00bb<span class=\"screen-reader-text\">A\u00efllants i Matalassos per a Vehicles Camper: La Import\u00e0ncia de l&#039;Efici\u00e8ncia Energ\u00e8tica i la Durabilitat<\/span><\/a><\/p>","protected":false},"author":5740,"featured_media":11575,"comment_status":"open","ping_status":"open","sticky":false,"template":"","format":"standard","meta":{"neve_meta_sidebar":"","neve_meta_container":"","neve_meta_enable_content_width":"off","neve_meta_content_width":70,"neve_meta_title_alignment":"","neve_meta_author_avatar":"","neve_post_elements_order":"","neve_meta_disable_header":"","neve_meta_disable_footer":"","neve_meta_disable_title":"","footnotes":""},"categories":[1],"tags":[],"class_list":["post-11574","post","type-post","status-publish","format-standard","has-post-thumbnail","hentry","category-uncategorized"],"yoast_head":"<!-- This site is optimized with the Yoast SEO plugin v27.5 - https:\/\/yoast.com\/product\/yoast-seo-wordpress\/ -->\n<title>Aislantes y Colchones para Veh\u00edculos Camper: La Importancia de la Eficiencia Energ\u00e9tica y la Durabilidad - M2 Camper | Aislantes t\u00e9rmicos y oscurecedores para campers<\/title>\n<meta name=\"robots\" content=\"index, follow, max-snippet:-1, max-image-preview:large, max-video-preview:-1\" \/>\n<link rel=\"canonical\" href=\"https:\/\/m2camper.com\/ca\/aillants-i-matalassos-per-a-vehicles-camper\/\" \/>\n<meta property=\"og:locale\" content=\"ca_ES\" \/>\n<meta property=\"og:type\" content=\"article\" \/>\n<meta property=\"og:title\" content=\"Aislantes y Colchones para Veh\u00edculos Camper: La Importancia de la Eficiencia Energ\u00e9tica y la Durabilidad - M2 Camper | Aislantes t\u00e9rmicos y oscurecedores para campers\" \/>\n<meta property=\"og:description\" content=\"Cuando transformamos un veh\u00edculo en un camper, muchos pensamos en el confort y la comodidad, pero hay otros aspectos igual de cruciales que debemos tener en cuenta: la eficiencia energ\u00e9tica y la durabilidad. Estos dos elementos son esenciales para asegurar que tu camper no solo sea c\u00f3modo, sino tambi\u00e9n pr\u00e1ctico y sostenible a largo plazo.&hellip;&nbsp;Llegiu m\u00e9s &raquo;Aislantes y Colchones para Veh\u00edculos Camper: La Importancia de la Eficiencia Energ\u00e9tica y la Durabilidad\" \/>\n<meta property=\"og:url\" content=\"https:\/\/m2camper.com\/ca\/aillants-i-matalassos-per-a-vehicles-camper\/\" \/>\n<meta property=\"og:site_name\" content=\"M2 Camper | Aislantes t\u00e9rmicos y oscurecedores para campers\" \/>\n<meta property=\"article:published_time\" content=\"2024-06-16T08:16:20+00:00\" \/>\n<meta property=\"article:modified_time\" content=\"2025-02-07T08:32:09+00:00\" \/>\n<meta property=\"og:image\" content=\"https:\/\/m2camper.com\/wp-content\/uploads\/2025\/02\/60c9aa_30e494ae4dd7476c9c65f5ecedd8fc5emv2.webp\" \/>\n\t<meta property=\"og:image:width\" content=\"454\" \/>\n\t<meta property=\"og:image:height\" content=\"341\" \/>\n\t<meta property=\"og:image:type\" content=\"image\/webp\" \/>\n<meta name=\"author\" content=\"carlos\" \/>\n<meta name=\"twitter:card\" content=\"summary_large_image\" \/>\n<meta name=\"twitter:label1\" content=\"Escrit per\" \/>\n\t<meta name=\"twitter:data1\" content=\"carlos\" \/>\n\t<meta name=\"twitter:label2\" content=\"Temps estimat de lectura\" \/>\n\t<meta name=\"twitter:data2\" content=\"3 minuts\" \/>\n<script type=\"application\/ld+json\" class=\"yoast-schema-graph\">{\"@context\":\"https:\\\/\\\/schema.org\",\"@graph\":[{\"@type\":\"Article\",\"@id\":\"https:\\\/\\\/m2camper.com\\\/aislantes-y-colchones-para-vehiculos-camper\\\/#article\",\"isPartOf\":{\"@id\":\"https:\\\/\\\/m2camper.com\\\/aislantes-y-colchones-para-vehiculos-camper\\\/\"},\"author\":{\"name\":\"carlos\",\"@id\":\"https:\\\/\\\/m2camper.com\\\/pt\\\/#\\\/schema\\\/person\\\/d003f4147a0469cbf1c77ba1bebdb1bb\"},\"headline\":\"Aislantes y Colchones para Veh\u00edculos Camper: La Importancia de la Eficiencia Energ\u00e9tica y la Durabilidad\",\"datePublished\":\"2024-06-16T08:16:20+00:00\",\"dateModified\":\"2025-02-07T08:32:09+00:00\",\"mainEntityOfPage\":{\"@id\":\"https:\\\/\\\/m2camper.com\\\/aislantes-y-colchones-para-vehiculos-camper\\\/\"},\"wordCount\":605,\"commentCount\":0,\"image\":{\"@id\":\"https:\\\/\\\/m2camper.com\\\/aislantes-y-colchones-para-vehiculos-camper\\\/#primaryimage\"},\"thumbnailUrl\":\"https:\\\/\\\/m2camper.com\\\/wp-content\\\/uploads\\\/2025\\\/02\\\/60c9aa_30e494ae4dd7476c9c65f5ecedd8fc5emv2.webp\",\"articleSection\":[\"Uncategorized\"],\"inLanguage\":\"ca\",\"potentialAction\":[{\"@type\":\"CommentAction\",\"name\":\"Comment\",\"target\":[\"https:\\\/\\\/m2camper.com\\\/aislantes-y-colchones-para-vehiculos-camper\\\/#respond\"]}]},{\"@type\":\"WebPage\",\"@id\":\"https:\\\/\\\/m2camper.com\\\/aislantes-y-colchones-para-vehiculos-camper\\\/\",\"url\":\"https:\\\/\\\/m2camper.com\\\/aislantes-y-colchones-para-vehiculos-camper\\\/\",\"name\":\"Aislantes y Colchones para Veh\u00edculos Camper: La Importancia de la Eficiencia Energ\u00e9tica y la Durabilidad - M2 Camper | Aislantes t\u00e9rmicos y oscurecedores para campers\",\"isPartOf\":{\"@id\":\"https:\\\/\\\/m2camper.com\\\/pt\\\/#website\"},\"primaryImageOfPage\":{\"@id\":\"https:\\\/\\\/m2camper.com\\\/aislantes-y-colchones-para-vehiculos-camper\\\/#primaryimage\"},\"image\":{\"@id\":\"https:\\\/\\\/m2camper.com\\\/aislantes-y-colchones-para-vehiculos-camper\\\/#primaryimage\"},\"thumbnailUrl\":\"https:\\\/\\\/m2camper.com\\\/wp-content\\\/uploads\\\/2025\\\/02\\\/60c9aa_30e494ae4dd7476c9c65f5ecedd8fc5emv2.webp\",\"datePublished\":\"2024-06-16T08:16:20+00:00\",\"dateModified\":\"2025-02-07T08:32:09+00:00\",\"author\":{\"@id\":\"https:\\\/\\\/m2camper.com\\\/pt\\\/#\\\/schema\\\/person\\\/d003f4147a0469cbf1c77ba1bebdb1bb\"},\"breadcrumb\":{\"@id\":\"https:\\\/\\\/m2camper.com\\\/aislantes-y-colchones-para-vehiculos-camper\\\/#breadcrumb\"},\"inLanguage\":\"ca\",\"potentialAction\":[{\"@type\":\"ReadAction\",\"target\":[\"https:\\\/\\\/m2camper.com\\\/aislantes-y-colchones-para-vehiculos-camper\\\/\"]}]},{\"@type\":\"ImageObject\",\"inLanguage\":\"ca\",\"@id\":\"https:\\\/\\\/m2camper.com\\\/aislantes-y-colchones-para-vehiculos-camper\\\/#primaryimage\",\"url\":\"https:\\\/\\\/m2camper.com\\\/wp-content\\\/uploads\\\/2025\\\/02\\\/60c9aa_30e494ae4dd7476c9c65f5ecedd8fc5emv2.webp\",\"contentUrl\":\"https:\\\/\\\/m2camper.com\\\/wp-content\\\/uploads\\\/2025\\\/02\\\/60c9aa_30e494ae4dd7476c9c65f5ecedd8fc5emv2.webp\",\"width\":454,\"height\":341},{\"@type\":\"BreadcrumbList\",\"@id\":\"https:\\\/\\\/m2camper.com\\\/aislantes-y-colchones-para-vehiculos-camper\\\/#breadcrumb\",\"itemListElement\":[{\"@type\":\"ListItem\",\"position\":1,\"name\":\"Portada\",\"item\":\"https:\\\/\\\/m2camper.com\\\/pt\\\/\"},{\"@type\":\"ListItem\",\"position\":2,\"name\":\"Aislantes y Colchones para Veh\u00edculos Camper: La Importancia de la Eficiencia Energ\u00e9tica y la Durabilidad\"}]},{\"@type\":\"WebSite\",\"@id\":\"https:\\\/\\\/m2camper.com\\\/pt\\\/#website\",\"url\":\"https:\\\/\\\/m2camper.com\\\/pt\\\/\",\"name\":\"M2 Campers | Aislantes t\u00e9rmicos y oscurecedores para campers\",\"description\":\"Descubre calidad y confort de nuestros aislantes t\u00e9rmicos oscurecedores y colchones para veh\u00edculos. Optimiza tu experiencia en carretera con M2 Camper.\",\"potentialAction\":[{\"@type\":\"SearchAction\",\"target\":{\"@type\":\"EntryPoint\",\"urlTemplate\":\"https:\\\/\\\/m2camper.com\\\/pt\\\/?s={search_term_string}\"},\"query-input\":{\"@type\":\"PropertyValueSpecification\",\"valueRequired\":true,\"valueName\":\"search_term_string\"}}],\"inLanguage\":\"ca\"},{\"@type\":\"Person\",\"@id\":\"https:\\\/\\\/m2camper.com\\\/pt\\\/#\\\/schema\\\/person\\\/d003f4147a0469cbf1c77ba1bebdb1bb\",\"name\":\"carlos\",\"image\":{\"@type\":\"ImageObject\",\"inLanguage\":\"ca\",\"@id\":\"https:\\\/\\\/secure.gravatar.com\\\/avatar\\\/ab10b60551e807f6b37d54bb09e40bc41b08e3828d46504634ad6f35da1b46dc?s=96&d=mm&r=g\",\"url\":\"https:\\\/\\\/secure.gravatar.com\\\/avatar\\\/ab10b60551e807f6b37d54bb09e40bc41b08e3828d46504634ad6f35da1b46dc?s=96&d=mm&r=g\",\"contentUrl\":\"https:\\\/\\\/secure.gravatar.com\\\/avatar\\\/ab10b60551e807f6b37d54bb09e40bc41b08e3828d46504634ad6f35da1b46dc?s=96&d=mm&r=g\",\"caption\":\"carlos\"},\"url\":\"https:\\\/\\\/m2camper.com\\\/ca\\\/author\\\/carlos\\\/\"}]}<\/script>\n<!-- \/ Yoast SEO plugin. -->","yoast_head_json":{"title":"A\u00efllants i Matalassos per a Vehicles Camper: La Import\u00e0ncia de l&#039;Efici\u00e8ncia Energ\u00e8tica i la Durabilitat - M2 Camper | A\u00efllants t\u00e8rmics i enfosquidors per a campers","robots":{"index":"index","follow":"follow","max-snippet":"max-snippet:-1","max-image-preview":"max-image-preview:large","max-video-preview":"max-video-preview:-1"},"canonical":"https:\/\/m2camper.com\/ca\/aillants-i-matalassos-per-a-vehicles-camper\/","og_locale":"ca_ES","og_type":"article","og_title":"Aislantes y Colchones para Veh\u00edculos Camper: La Importancia de la Eficiencia Energ\u00e9tica y la Durabilidad - M2 Camper | Aislantes t\u00e9rmicos y oscurecedores para campers","og_description":"Cuando transformamos un veh\u00edculo en un camper, muchos pensamos en el confort y la comodidad, pero hay otros aspectos igual de cruciales que debemos tener en cuenta: la eficiencia energ\u00e9tica y la durabilidad. Estos dos elementos son esenciales para asegurar que tu camper no solo sea c\u00f3modo, sino tambi\u00e9n pr\u00e1ctico y sostenible a largo plazo.&hellip;&nbsp;Llegiu m\u00e9s &raquo;Aislantes y Colchones para Veh\u00edculos Camper: La Importancia de la Eficiencia Energ\u00e9tica y la Durabilidad","og_url":"https:\/\/m2camper.com\/ca\/aillants-i-matalassos-per-a-vehicles-camper\/","og_site_name":"M2 Camper | Aislantes t\u00e9rmicos y oscurecedores para campers","article_published_time":"2024-06-16T08:16:20+00:00","article_modified_time":"2025-02-07T08:32:09+00:00","og_image":[{"width":454,"height":341,"url":"https:\/\/m2camper.com\/wp-content\/uploads\/2025\/02\/60c9aa_30e494ae4dd7476c9c65f5ecedd8fc5emv2.webp","type":"image\/webp"}],"author":"carlos","twitter_card":"summary_large_image","twitter_misc":{"Escrit per":"carlos","Temps estimat de lectura":"3 minuts"},"schema":{"@context":"https:\/\/schema.org","@graph":[{"@type":"Article","@id":"https:\/\/m2camper.com\/aislantes-y-colchones-para-vehiculos-camper\/#article","isPartOf":{"@id":"https:\/\/m2camper.com\/aislantes-y-colchones-para-vehiculos-camper\/"},"author":{"name":"carlos","@id":"https:\/\/m2camper.com\/pt\/#\/schema\/person\/d003f4147a0469cbf1c77ba1bebdb1bb"},"headline":"Aislantes y Colchones para Veh\u00edculos Camper: La Importancia de la Eficiencia Energ\u00e9tica y la Durabilidad","datePublished":"2024-06-16T08:16:20+00:00","dateModified":"2025-02-07T08:32:09+00:00","mainEntityOfPage":{"@id":"https:\/\/m2camper.com\/aislantes-y-colchones-para-vehiculos-camper\/"},"wordCount":605,"commentCount":0,"image":{"@id":"https:\/\/m2camper.com\/aislantes-y-colchones-para-vehiculos-camper\/#primaryimage"},"thumbnailUrl":"https:\/\/m2camper.com\/wp-content\/uploads\/2025\/02\/60c9aa_30e494ae4dd7476c9c65f5ecedd8fc5emv2.webp","articleSection":["Uncategorized"],"inLanguage":"ca","potentialAction":[{"@type":"CommentAction","name":"Comment","target":["https:\/\/m2camper.com\/aislantes-y-colchones-para-vehiculos-camper\/#respond"]}]},{"@type":"WebPage","@id":"https:\/\/m2camper.com\/aislantes-y-colchones-para-vehiculos-camper\/","url":"https:\/\/m2camper.com\/aislantes-y-colchones-para-vehiculos-camper\/","name":"A\u00efllants i Matalassos per a Vehicles Camper: La Import\u00e0ncia de l&#039;Efici\u00e8ncia Energ\u00e8tica i la Durabilitat - M2 Camper | A\u00efllants t\u00e8rmics i enfosquidors per a campers","isPartOf":{"@id":"https:\/\/m2camper.com\/pt\/#website"},"primaryImageOfPage":{"@id":"https:\/\/m2camper.com\/aislantes-y-colchones-para-vehiculos-camper\/#primaryimage"},"image":{"@id":"https:\/\/m2camper.com\/aislantes-y-colchones-para-vehiculos-camper\/#primaryimage"},"thumbnailUrl":"https:\/\/m2camper.com\/wp-content\/uploads\/2025\/02\/60c9aa_30e494ae4dd7476c9c65f5ecedd8fc5emv2.webp","datePublished":"2024-06-16T08:16:20+00:00","dateModified":"2025-02-07T08:32:09+00:00","author":{"@id":"https:\/\/m2camper.com\/pt\/#\/schema\/person\/d003f4147a0469cbf1c77ba1bebdb1bb"},"breadcrumb":{"@id":"https:\/\/m2camper.com\/aislantes-y-colchones-para-vehiculos-camper\/#breadcrumb"},"inLanguage":"ca","potentialAction":[{"@type":"ReadAction","target":["https:\/\/m2camper.com\/aislantes-y-colchones-para-vehiculos-camper\/"]}]},{"@type":"ImageObject","inLanguage":"ca","@id":"https:\/\/m2camper.com\/aislantes-y-colchones-para-vehiculos-camper\/#primaryimage","url":"https:\/\/m2camper.com\/wp-content\/uploads\/2025\/02\/60c9aa_30e494ae4dd7476c9c65f5ecedd8fc5emv2.webp","contentUrl":"https:\/\/m2camper.com\/wp-content\/uploads\/2025\/02\/60c9aa_30e494ae4dd7476c9c65f5ecedd8fc5emv2.webp","width":454,"height":341},{"@type":"BreadcrumbList","@id":"https:\/\/m2camper.com\/aislantes-y-colchones-para-vehiculos-camper\/#breadcrumb","itemListElement":[{"@type":"ListItem","position":1,"name":"Portada","item":"https:\/\/m2camper.com\/pt\/"},{"@type":"ListItem","position":2,"name":"Aislantes y Colchones para Veh\u00edculos Camper: La Importancia de la Eficiencia Energ\u00e9tica y la Durabilidad"}]},{"@type":"WebSite","@id":"https:\/\/m2camper.com\/pt\/#website","url":"https:\/\/m2camper.com\/pt\/","name":"M2 Campers | A\u00efllants t\u00e8rmics i enfosquidors per a campers","description":"Descobreix qualitat i confort dels nostres a\u00efllants t\u00e8rmics enfosquidors i matalassos per a vehicles. Optimitza la teva experi\u00e8ncia a la carretera amb M2 Camper.","potentialAction":[{"@type":"SearchAction","target":{"@type":"EntryPoint","urlTemplate":"https:\/\/m2camper.com\/pt\/?s={search_term_string}"},"query-input":{"@type":"PropertyValueSpecification","valueRequired":true,"valueName":"search_term_string"}}],"inLanguage":"ca"},{"@type":"Person","@id":"https:\/\/m2camper.com\/pt\/#\/schema\/person\/d003f4147a0469cbf1c77ba1bebdb1bb","name":"carlos","image":{"@type":"ImageObject","inLanguage":"ca","@id":"https:\/\/secure.gravatar.com\/avatar\/ab10b60551e807f6b37d54bb09e40bc41b08e3828d46504634ad6f35da1b46dc?s=96&d=mm&r=g","url":"https:\/\/secure.gravatar.com\/avatar\/ab10b60551e807f6b37d54bb09e40bc41b08e3828d46504634ad6f35da1b46dc?s=96&d=mm&r=g","contentUrl":"https:\/\/secure.gravatar.com\/avatar\/ab10b60551e807f6b37d54bb09e40bc41b08e3828d46504634ad6f35da1b46dc?s=96&d=mm&r=g","caption":"carlos"},"url":"https:\/\/m2camper.com\/ca\/author\/carlos\/"}]}},"_links":{"self":[{"href":"https:\/\/m2camper.com\/ca\/wp-json\/wp\/v2\/posts\/11574","targetHints":{"allow":["GET"]}}],"collection":[{"href":"https:\/\/m2camper.com\/ca\/wp-json\/wp\/v2\/posts"}],"about":[{"href":"https:\/\/m2camper.com\/ca\/wp-json\/wp\/v2\/types\/post"}],"author":[{"embeddable":true,"href":"https:\/\/m2camper.com\/ca\/wp-json\/wp\/v2\/users\/5740"}],"replies":[{"embeddable":true,"href":"https:\/\/m2camper.com\/ca\/wp-json\/wp\/v2\/comments?post=11574"}],"version-history":[{"count":2,"href":"https:\/\/m2camper.com\/ca\/wp-json\/wp\/v2\/posts\/11574\/revisions"}],"predecessor-version":[{"id":11591,"href":"https:\/\/m2camper.com\/ca\/wp-json\/wp\/v2\/posts\/11574\/revisions\/11591"}],"wp:featuredmedia":[{"embeddable":true,"href":"https:\/\/m2camper.com\/ca\/wp-json\/wp\/v2\/media\/11575"}],"wp:attachment":[{"href":"https:\/\/m2camper.com\/ca\/wp-json\/wp\/v2\/media?parent=11574"}],"wp:term":[{"taxonomy":"category","embeddable":true,"href":"https:\/\/m2camper.com\/ca\/wp-json\/wp\/v2\/categories?post=11574"},{"taxonomy":"post_tag","embeddable":true,"href":"https:\/\/m2camper.com\/ca\/wp-json\/wp\/v2\/tags?post=11574"}],"curies":[{"name":"wp","href":"https:\/\/api.w.org\/{rel}","templated":true}]}}