{"id":11570,"date":"2024-05-12T11:33:27","date_gmt":"2024-05-12T11:33:27","guid":{"rendered":"https:\/\/ultbit.com\/m2camper\/?p=11570"},"modified":"2025-02-06T12:02:16","modified_gmt":"2025-02-06T12:02:16","slug":"maximitza-el-teu-espai-els-matalassos-a-mida-transformen-el-teu-camper","status":"publish","type":"post","link":"https:\/\/m2camper.com\/ca\/maximitza-el-teu-espai-els-matalassos-a-mida-transformen-el-teu-camper\/","title":{"rendered":"Maximitza el teu Espai: Els Matalassos a Mida Transformen el teu Camper"},"content":{"rendered":"<div data-breakout=\"normal\">\n<p id=\"viewer-foo\" class=\"cqfST cQRuq WGebp jTM--\" dir=\"auto\"><span class=\"_61ACD\">Al m\u00f3n del camper, cada cent\u00edmetre del teu vehicle \u00e9s preci\u00f3s. Adaptar un vehicle perqu\u00e8 sigui tant un mitj\u00e0 de transport com una llar temporal c\u00f2moda \u00e9s un art que requereix enginy, especialment quan es tracta de la distribuci\u00f3 de l&#039;espai. Els matalassos a mida no nom\u00e9s s\u00f3n una pe\u00e7a clau en el trencaclosques del confort, sin\u00f3 que tamb\u00e9 s\u00f3n essencials per a una distribuci\u00f3 intel\u00b7ligent de l&#039;espai interior del teu camper.<\/span><\/p>\n<\/div>\n<div data-breakout=\"normal\">\n<p id=\"viewer-cjtn749\" class=\"cqfST cQRuq WGebp jTM--\" dir=\"auto\"><span class=\"_61ACD\"><strong>Redissenyant l&#039;Interior amb Intel\u00b7lig\u00e8ncia<\/strong><\/span><\/p>\n<\/div>\n<div data-breakout=\"normal\">\n<p id=\"viewer-l0liz51\" class=\"cqfST cQRuq WGebp jTM--\" dir=\"auto\"><span class=\"_61ACD\">Els matalassos a mida ofereixen una soluci\u00f3 innovadora no sols en termes de comoditat, sin\u00f3 tamb\u00e9 en l&#039;optimitzaci\u00f3 de l&#039;espai. A M2 Camper dissenyem matalassos que s&#039;ajusten exactament a les dimensions \u00faniques de cada camper, eliminant el malbaratament d&#039;espai, permetent que cada cent\u00edmetre compti. Aix\u00f2 obre noves possibilitats per a l&#039;emmagatzematge, \u00e0rees d&#039;estar i m\u00e9s, transformant el vehicle en un espai m\u00e9s funcional i organitzat.<\/span><\/p>\n<\/div>\n<div data-breakout=\"normal\">\n<div id=\"viewer-2djm91480\" class=\"KqKMh\">\n<div class=\"_7T4Uc SkJEB\">\n<figure class=\"P29V1\">\n<div class=\"CuIEU\" tabindex=\"0\" role=\"button\" data-hook=\"imageViewer\" aria-haspopup=\"true\">\n<div id=\"2djm91480\" class=\"KfAFF ApRDe _84uzj\"><img decoding=\"async\" class=\"aligncenter\" draggable=\"false\" src=\"https:\/\/static.wixstatic.com\/media\/60c9aa_34bae4643e154cb5a6b16f920794c861~mv2.jpg\/v1\/fill\/w_350,h_263,al_c,q_80,usm_0.66_1.00_0.01,enc_auto\/60c9aa_34bae4643e154cb5a6b16f920794c861~mv2.jpg\" alt=\"Maximitza el teu espai matalassos a mida\" data-pin-url=\"https:\/\/m2camper.com\/post\/maximiza-tu-espacio-los-colchones-a-medida-transforman-tu-camper\" data-pin-media=\"https:\/\/static.wixstatic.com\/media\/60c9aa_34bae4643e154cb5a6b16f920794c861~mv2.jpg\/v1\/fill\/w_2048,h_1536,al_c,q_90\/60c9aa_34bae4643e154cb5a6b16f920794c861~mv2.jpg\" data-ssr-src-done=\"true\" data-load-done=\"\" \/><\/div>\n<\/div>\n<\/figure>\n<\/div>\n<\/div>\n<\/div>\n<div data-breakout=\"normal\">\n<p id=\"viewer-m3jib53\" class=\"cqfST cQRuq WGebp jTM--\" dir=\"auto\"><span class=\"_61ACD\"><strong>Funcionalitat Estesa M\u00e9s enll\u00e0 del Descans<\/strong><\/span><\/p>\n<\/div>\n<div data-breakout=\"normal\">\n<p id=\"viewer-r8mcv55\" class=\"cqfST cQRuq WGebp jTM--\" dir=\"auto\"><span class=\"_61ACD\">Un matal\u00e0s a mida no ha de servir nom\u00e9s com a lloc de descans. Amb el disseny adequat, pot funcionar com a part integral de la teva configuraci\u00f3 de vida i viatge. Imagina un matal\u00e0s que es plega en un sof\u00e0 durant el dia o que inclou compartiments d&#039;emmagatzematge ocults a sota. Aquest tipus de funcionalitat dual no nom\u00e9s estalvia espai, sin\u00f3 que tamb\u00e9 maximitza la utilitat de cada \u00e0rea del camper.<\/span><\/p>\n<\/div>\n<div data-breakout=\"normal\">\n<p id=\"viewer-2nuis57\" class=\"cqfST cQRuq WGebp jTM--\" dir=\"auto\"><span class=\"_61ACD\"><strong>Est\u00e8tica i Comoditat en Harmonia<\/strong><\/span><\/p>\n<\/div>\n<div data-breakout=\"normal\">\n<p id=\"viewer-r7rd859\" class=\"cqfST cQRuq WGebp jTM--\" dir=\"auto\"><span class=\"_61ACD\">A m\u00e9s de ser pr\u00e0ctics, els matalassos poden contribuir a l&#039;est\u00e8tica general de l&#039;interior del teu camper. Quan seleccioneu materials i dissenys que complementin la resta de la vostra configuraci\u00f3, podeu crear un ambient que reflecteixi el vostre estil personal i augmenti la sensaci\u00f3 de llar a la carretera.<\/span><\/p>\n<\/div>\n<div data-breakout=\"normal\">\n<p id=\"viewer-k5t7l61\" class=\"cqfST cQRuq WGebp jTM--\" dir=\"auto\"><span class=\"_61ACD\"><strong>Salut i Ergonomia al Cam\u00ed<\/strong><\/span><\/p>\n<\/div>\n<div data-breakout=\"normal\">\n<p id=\"viewer-ipt1c63\" class=\"cqfST cQRuq WGebp jTM--\" dir=\"auto\"><span class=\"_61ACD\">La import\u00e0ncia d&#039;un bon descans nocturn no es pot subestimar, especialment quan ets a la carretera. Un matal\u00e0s mal adaptat pot resultar en nits de son inadequat, afectant la teva salut i energia. Els matalassos a mida, dissenyats considerant l&#039;ergonomia i recolzats en la ci\u00e8ncia del son, poden prevenir problemes d&#039;esquena i millorar la qualitat del son, assegurant que t&#039;aixequis fresc i llest per a l&#039;aventura cada dia.<\/span><\/p>\n<\/div>\n<div data-breakout=\"normal\">\n<p id=\"viewer-2dteh65\" class=\"cqfST cQRuq WGebp jTM--\" dir=\"auto\"><span class=\"_61ACD\"><strong>Inversi\u00f3 a Llarg Termini al teu Estil de Vida<\/strong><\/span><\/p>\n<\/div>\n<div data-breakout=\"normal\">\n<p id=\"viewer-fras467\" class=\"cqfST cQRuq WGebp jTM--\" dir=\"auto\"><span class=\"_61ACD\">Optar per un matal\u00e0s a mida per al teu camper \u00e9s m\u00e9s que una simple compra; \u00e9s una inversi\u00f3 en el teu estil de vida i les teves aventures. En triar un disseny personalitzat que s&#039;adapti a les teves necessitats espec\u00edfiques, assegures una soluci\u00f3 duradora que t&#039;acompanyar\u00e0 en molts viatges, proporcionant comoditat i conveni\u00e8ncia all\u00e0 on et porti la carretera.<\/span><\/p>\n<\/div>\n<div data-breakout=\"normal\">\n<p id=\"viewer-xf0v369\" class=\"cqfST cQRuq WGebp jTM--\" dir=\"auto\"><span class=\"_61ACD\">A M2 Camper pensem que un matal\u00e0s a mida \u00e9s molt m\u00e9s que un simple lloc per dormir. \u00c9s una pe\u00e7a central en la transformaci\u00f3 del teu vehicle en una llar funcional, c\u00f2moda i est\u00e8ticament agradable sobre rodes. En reinventar l&#039;\u00fas d&#039;aquest espai essencial, no nom\u00e9s millores la teva experi\u00e8ncia de viatge, sin\u00f3 que tamb\u00e9 maximitzes el potencial del teu camper. Prepara&#039;t per redescobrir el que significa viatjar amb comoditat i estil.<\/span><\/p>\n<\/div>\n<div data-breakout=\"normal\">\n<p id=\"viewer-qjl8y1580\" class=\"cqfST cQRuq WGebp jTM--\" dir=\"auto\"><span class=\"_61ACD\"><em>Maximitza el teu espai amb matalassos a mida<\/em><\/span><\/p>\n<\/div>\n<div data-breakout=\"normal\">\n<div id=\"viewer-x5h9e1279\" class=\"KqKMh\">\n<div class=\"_7T4Uc SkJEB\">\n<figure class=\"P29V1\">\n<div class=\"CuIEU\" tabindex=\"0\" role=\"button\" data-hook=\"imageViewer\" aria-haspopup=\"true\">\n<div id=\"x5h9e1279\" class=\"KfAFF ApRDe _84uzj\"><img decoding=\"async\" class=\"aligncenter\" draggable=\"false\" src=\"https:\/\/static.wixstatic.com\/media\/60c9aa_a1dc04875e6b46ebb33c7a6c66a4ae76~mv2.jpg\/v1\/fill\/w_350,h_263,al_c,q_80,usm_0.66_1.00_0.01,enc_auto\/60c9aa_a1dc04875e6b46ebb33c7a6c66a4ae76~mv2.jpg\" alt=\"Maximitza el teu espai matalassos a mida\" data-pin-url=\"https:\/\/m2camper.com\/post\/maximiza-tu-espacio-los-colchones-a-medida-transforman-tu-camper\" data-pin-media=\"https:\/\/static.wixstatic.com\/media\/60c9aa_a1dc04875e6b46ebb33c7a6c66a4ae76~mv2.jpg\/v1\/fill\/w_2048,h_1536,al_c,q_90\/60c9aa_a1dc04875e6b46ebb33c7a6c66a4ae76~mv2.jpg\" data-ssr-src-done=\"true\" data-load-done=\"\" \/><\/div>\n<\/div>\n<\/figure>\n<\/div>\n<\/div>\n<\/div>","protected":false},"excerpt":{"rendered":"<p>En el mundo del camper, cada cent\u00edmetro de tu veh\u00edculo es precioso. Adaptar un veh\u00edculo para que sea tanto un medio de transporte como un c\u00f3modo hogar temporal es un arte que requiere ingenio, especialmente cuando se trata de la distribuci\u00f3n del espacio. Los colchones a medida no solo son una pieza clave en el&hellip;&nbsp;<a href=\"https:\/\/m2camper.com\/ca\/maximitza-el-teu-espai-els-matalassos-a-mida-transformen-el-teu-camper\/\" rel=\"bookmark\">Llegiu m\u00e9s \u00bb<span class=\"screen-reader-text\">Maximitza el teu Espai: Els Matalassos a Mida Transformen el teu Camper<\/span><\/a><\/p>","protected":false},"author":5740,"featured_media":11571,"comment_status":"open","ping_status":"open","sticky":false,"template":"","format":"standard","meta":{"neve_meta_sidebar":"","neve_meta_container":"","neve_meta_enable_content_width":"off","neve_meta_content_width":70,"neve_meta_title_alignment":"","neve_meta_author_avatar":"","neve_post_elements_order":"","neve_meta_disable_header":"","neve_meta_disable_footer":"","neve_meta_disable_title":"","footnotes":""},"categories":[1],"tags":[],"class_list":["post-11570","post","type-post","status-publish","format-standard","has-post-thumbnail","hentry","category-uncategorized"],"yoast_head":"<!-- This site is optimized with the Yoast SEO plugin v27.4 - https:\/\/yoast.com\/product\/yoast-seo-wordpress\/ -->\n<title>Maximiza Tu Espacio: Los Colchones a Medida Transforman Tu Camper - M2 Camper | Aislantes t\u00e9rmicos y oscurecedores para campers<\/title>\n<meta name=\"robots\" content=\"index, follow, max-snippet:-1, max-image-preview:large, max-video-preview:-1\" \/>\n<link rel=\"canonical\" href=\"https:\/\/m2camper.com\/ca\/maximitza-el-teu-espai-els-matalassos-a-mida-transformen-el-teu-camper\/\" \/>\n<meta property=\"og:locale\" content=\"ca_ES\" \/>\n<meta property=\"og:type\" content=\"article\" \/>\n<meta property=\"og:title\" content=\"Maximiza Tu Espacio: Los Colchones a Medida Transforman Tu Camper - M2 Camper | Aislantes t\u00e9rmicos y oscurecedores para campers\" \/>\n<meta property=\"og:description\" content=\"En el mundo del camper, cada cent\u00edmetro de tu veh\u00edculo es precioso. Adaptar un veh\u00edculo para que sea tanto un medio de transporte como un c\u00f3modo hogar temporal es un arte que requiere ingenio, especialmente cuando se trata de la distribuci\u00f3n del espacio. Los colchones a medida no solo son una pieza clave en el&hellip;&nbsp;Llegiu m\u00e9s &raquo;Maximiza Tu Espacio: Los Colchones a Medida Transforman Tu Camper\" \/>\n<meta property=\"og:url\" content=\"https:\/\/m2camper.com\/ca\/maximitza-el-teu-espai-els-matalassos-a-mida-transformen-el-teu-camper\/\" \/>\n<meta property=\"og:site_name\" content=\"M2 Camper | Aislantes t\u00e9rmicos y oscurecedores para campers\" \/>\n<meta property=\"article:published_time\" content=\"2024-05-12T11:33:27+00:00\" \/>\n<meta property=\"article:modified_time\" content=\"2025-02-06T12:02:16+00:00\" \/>\n<meta property=\"og:image\" content=\"https:\/\/m2camper.com\/wp-content\/uploads\/2025\/02\/60c9aa_ed4c7456bc2048a29bcb737eed9d9e05mv2.webp\" \/>\n\t<meta property=\"og:image:width\" content=\"454\" \/>\n\t<meta property=\"og:image:height\" content=\"341\" \/>\n\t<meta property=\"og:image:type\" content=\"image\/webp\" \/>\n<meta name=\"author\" content=\"carlos\" \/>\n<meta name=\"twitter:card\" content=\"summary_large_image\" \/>\n<meta name=\"twitter:label1\" content=\"Escrit per\" \/>\n\t<meta name=\"twitter:data1\" content=\"carlos\" \/>\n\t<meta name=\"twitter:label2\" content=\"Temps estimat de lectura\" \/>\n\t<meta name=\"twitter:data2\" content=\"3 minuts\" \/>\n<script type=\"application\/ld+json\" class=\"yoast-schema-graph\">{\"@context\":\"https:\\\/\\\/schema.org\",\"@graph\":[{\"@type\":\"Article\",\"@id\":\"https:\\\/\\\/m2camper.com\\\/maximiza-tu-espacio-los-colchones-a-medida-transforman-tu-camper\\\/#article\",\"isPartOf\":{\"@id\":\"https:\\\/\\\/m2camper.com\\\/maximiza-tu-espacio-los-colchones-a-medida-transforman-tu-camper\\\/\"},\"author\":{\"name\":\"carlos\",\"@id\":\"https:\\\/\\\/m2camper.com\\\/pt\\\/#\\\/schema\\\/person\\\/d003f4147a0469cbf1c77ba1bebdb1bb\"},\"headline\":\"Maximiza Tu Espacio: Los Colchones a Medida Transforman Tu Camper\",\"datePublished\":\"2024-05-12T11:33:27+00:00\",\"dateModified\":\"2025-02-06T12:02:16+00:00\",\"mainEntityOfPage\":{\"@id\":\"https:\\\/\\\/m2camper.com\\\/maximiza-tu-espacio-los-colchones-a-medida-transforman-tu-camper\\\/\"},\"wordCount\":568,\"commentCount\":0,\"image\":{\"@id\":\"https:\\\/\\\/m2camper.com\\\/maximiza-tu-espacio-los-colchones-a-medida-transforman-tu-camper\\\/#primaryimage\"},\"thumbnailUrl\":\"https:\\\/\\\/m2camper.com\\\/wp-content\\\/uploads\\\/2025\\\/02\\\/60c9aa_ed4c7456bc2048a29bcb737eed9d9e05mv2.webp\",\"articleSection\":[\"Uncategorized\"],\"inLanguage\":\"ca\",\"potentialAction\":[{\"@type\":\"CommentAction\",\"name\":\"Comment\",\"target\":[\"https:\\\/\\\/m2camper.com\\\/maximiza-tu-espacio-los-colchones-a-medida-transforman-tu-camper\\\/#respond\"]}]},{\"@type\":\"WebPage\",\"@id\":\"https:\\\/\\\/m2camper.com\\\/maximiza-tu-espacio-los-colchones-a-medida-transforman-tu-camper\\\/\",\"url\":\"https:\\\/\\\/m2camper.com\\\/maximiza-tu-espacio-los-colchones-a-medida-transforman-tu-camper\\\/\",\"name\":\"Maximiza Tu Espacio: Los Colchones a Medida Transforman Tu Camper - M2 Camper | Aislantes t\u00e9rmicos y oscurecedores para campers\",\"isPartOf\":{\"@id\":\"https:\\\/\\\/m2camper.com\\\/pt\\\/#website\"},\"primaryImageOfPage\":{\"@id\":\"https:\\\/\\\/m2camper.com\\\/maximiza-tu-espacio-los-colchones-a-medida-transforman-tu-camper\\\/#primaryimage\"},\"image\":{\"@id\":\"https:\\\/\\\/m2camper.com\\\/maximiza-tu-espacio-los-colchones-a-medida-transforman-tu-camper\\\/#primaryimage\"},\"thumbnailUrl\":\"https:\\\/\\\/m2camper.com\\\/wp-content\\\/uploads\\\/2025\\\/02\\\/60c9aa_ed4c7456bc2048a29bcb737eed9d9e05mv2.webp\",\"datePublished\":\"2024-05-12T11:33:27+00:00\",\"dateModified\":\"2025-02-06T12:02:16+00:00\",\"author\":{\"@id\":\"https:\\\/\\\/m2camper.com\\\/pt\\\/#\\\/schema\\\/person\\\/d003f4147a0469cbf1c77ba1bebdb1bb\"},\"breadcrumb\":{\"@id\":\"https:\\\/\\\/m2camper.com\\\/maximiza-tu-espacio-los-colchones-a-medida-transforman-tu-camper\\\/#breadcrumb\"},\"inLanguage\":\"ca\",\"potentialAction\":[{\"@type\":\"ReadAction\",\"target\":[\"https:\\\/\\\/m2camper.com\\\/maximiza-tu-espacio-los-colchones-a-medida-transforman-tu-camper\\\/\"]}]},{\"@type\":\"ImageObject\",\"inLanguage\":\"ca\",\"@id\":\"https:\\\/\\\/m2camper.com\\\/maximiza-tu-espacio-los-colchones-a-medida-transforman-tu-camper\\\/#primaryimage\",\"url\":\"https:\\\/\\\/m2camper.com\\\/wp-content\\\/uploads\\\/2025\\\/02\\\/60c9aa_ed4c7456bc2048a29bcb737eed9d9e05mv2.webp\",\"contentUrl\":\"https:\\\/\\\/m2camper.com\\\/wp-content\\\/uploads\\\/2025\\\/02\\\/60c9aa_ed4c7456bc2048a29bcb737eed9d9e05mv2.webp\",\"width\":454,\"height\":341},{\"@type\":\"BreadcrumbList\",\"@id\":\"https:\\\/\\\/m2camper.com\\\/maximiza-tu-espacio-los-colchones-a-medida-transforman-tu-camper\\\/#breadcrumb\",\"itemListElement\":[{\"@type\":\"ListItem\",\"position\":1,\"name\":\"Portada\",\"item\":\"https:\\\/\\\/m2camper.com\\\/pt\\\/\"},{\"@type\":\"ListItem\",\"position\":2,\"name\":\"Maximiza Tu Espacio: Los Colchones a Medida Transforman Tu Camper\"}]},{\"@type\":\"WebSite\",\"@id\":\"https:\\\/\\\/m2camper.com\\\/pt\\\/#website\",\"url\":\"https:\\\/\\\/m2camper.com\\\/pt\\\/\",\"name\":\"M2 Campers | Aislantes t\u00e9rmicos y oscurecedores para campers\",\"description\":\"Descubre calidad y confort de nuestros aislantes t\u00e9rmicos oscurecedores y colchones para veh\u00edculos. Optimiza tu experiencia en carretera con M2 Camper.\",\"potentialAction\":[{\"@type\":\"SearchAction\",\"target\":{\"@type\":\"EntryPoint\",\"urlTemplate\":\"https:\\\/\\\/m2camper.com\\\/pt\\\/?s={search_term_string}\"},\"query-input\":{\"@type\":\"PropertyValueSpecification\",\"valueRequired\":true,\"valueName\":\"search_term_string\"}}],\"inLanguage\":\"ca\"},{\"@type\":\"Person\",\"@id\":\"https:\\\/\\\/m2camper.com\\\/pt\\\/#\\\/schema\\\/person\\\/d003f4147a0469cbf1c77ba1bebdb1bb\",\"name\":\"carlos\",\"image\":{\"@type\":\"ImageObject\",\"inLanguage\":\"ca\",\"@id\":\"https:\\\/\\\/secure.gravatar.com\\\/avatar\\\/ab10b60551e807f6b37d54bb09e40bc41b08e3828d46504634ad6f35da1b46dc?s=96&d=mm&r=g\",\"url\":\"https:\\\/\\\/secure.gravatar.com\\\/avatar\\\/ab10b60551e807f6b37d54bb09e40bc41b08e3828d46504634ad6f35da1b46dc?s=96&d=mm&r=g\",\"contentUrl\":\"https:\\\/\\\/secure.gravatar.com\\\/avatar\\\/ab10b60551e807f6b37d54bb09e40bc41b08e3828d46504634ad6f35da1b46dc?s=96&d=mm&r=g\",\"caption\":\"carlos\"},\"url\":\"https:\\\/\\\/m2camper.com\\\/ca\\\/author\\\/carlos\\\/\"}]}<\/script>\n<!-- \/ Yoast SEO plugin. -->","yoast_head_json":{"title":"Maximitza el teu Espai: Els Matalassos a Mida Transformen el teu Camper - M2 Camper | A\u00efllants t\u00e8rmics i enfosquidors per a campers","robots":{"index":"index","follow":"follow","max-snippet":"max-snippet:-1","max-image-preview":"max-image-preview:large","max-video-preview":"max-video-preview:-1"},"canonical":"https:\/\/m2camper.com\/ca\/maximitza-el-teu-espai-els-matalassos-a-mida-transformen-el-teu-camper\/","og_locale":"ca_ES","og_type":"article","og_title":"Maximiza Tu Espacio: Los Colchones a Medida Transforman Tu Camper - M2 Camper | Aislantes t\u00e9rmicos y oscurecedores para campers","og_description":"En el mundo del camper, cada cent\u00edmetro de tu veh\u00edculo es precioso. Adaptar un veh\u00edculo para que sea tanto un medio de transporte como un c\u00f3modo hogar temporal es un arte que requiere ingenio, especialmente cuando se trata de la distribuci\u00f3n del espacio. Los colchones a medida no solo son una pieza clave en el&hellip;&nbsp;Llegiu m\u00e9s &raquo;Maximiza Tu Espacio: Los Colchones a Medida Transforman Tu Camper","og_url":"https:\/\/m2camper.com\/ca\/maximitza-el-teu-espai-els-matalassos-a-mida-transformen-el-teu-camper\/","og_site_name":"M2 Camper | Aislantes t\u00e9rmicos y oscurecedores para campers","article_published_time":"2024-05-12T11:33:27+00:00","article_modified_time":"2025-02-06T12:02:16+00:00","og_image":[{"width":454,"height":341,"url":"https:\/\/m2camper.com\/wp-content\/uploads\/2025\/02\/60c9aa_ed4c7456bc2048a29bcb737eed9d9e05mv2.webp","type":"image\/webp"}],"author":"carlos","twitter_card":"summary_large_image","twitter_misc":{"Escrit per":"carlos","Temps estimat de lectura":"3 minuts"},"schema":{"@context":"https:\/\/schema.org","@graph":[{"@type":"Article","@id":"https:\/\/m2camper.com\/maximiza-tu-espacio-los-colchones-a-medida-transforman-tu-camper\/#article","isPartOf":{"@id":"https:\/\/m2camper.com\/maximiza-tu-espacio-los-colchones-a-medida-transforman-tu-camper\/"},"author":{"name":"carlos","@id":"https:\/\/m2camper.com\/pt\/#\/schema\/person\/d003f4147a0469cbf1c77ba1bebdb1bb"},"headline":"Maximiza Tu Espacio: Los Colchones a Medida Transforman Tu Camper","datePublished":"2024-05-12T11:33:27+00:00","dateModified":"2025-02-06T12:02:16+00:00","mainEntityOfPage":{"@id":"https:\/\/m2camper.com\/maximiza-tu-espacio-los-colchones-a-medida-transforman-tu-camper\/"},"wordCount":568,"commentCount":0,"image":{"@id":"https:\/\/m2camper.com\/maximiza-tu-espacio-los-colchones-a-medida-transforman-tu-camper\/#primaryimage"},"thumbnailUrl":"https:\/\/m2camper.com\/wp-content\/uploads\/2025\/02\/60c9aa_ed4c7456bc2048a29bcb737eed9d9e05mv2.webp","articleSection":["Uncategorized"],"inLanguage":"ca","potentialAction":[{"@type":"CommentAction","name":"Comment","target":["https:\/\/m2camper.com\/maximiza-tu-espacio-los-colchones-a-medida-transforman-tu-camper\/#respond"]}]},{"@type":"WebPage","@id":"https:\/\/m2camper.com\/maximiza-tu-espacio-los-colchones-a-medida-transforman-tu-camper\/","url":"https:\/\/m2camper.com\/maximiza-tu-espacio-los-colchones-a-medida-transforman-tu-camper\/","name":"Maximitza el teu Espai: Els Matalassos a Mida Transformen el teu Camper - M2 Camper | A\u00efllants t\u00e8rmics i enfosquidors per a campers","isPartOf":{"@id":"https:\/\/m2camper.com\/pt\/#website"},"primaryImageOfPage":{"@id":"https:\/\/m2camper.com\/maximiza-tu-espacio-los-colchones-a-medida-transforman-tu-camper\/#primaryimage"},"image":{"@id":"https:\/\/m2camper.com\/maximiza-tu-espacio-los-colchones-a-medida-transforman-tu-camper\/#primaryimage"},"thumbnailUrl":"https:\/\/m2camper.com\/wp-content\/uploads\/2025\/02\/60c9aa_ed4c7456bc2048a29bcb737eed9d9e05mv2.webp","datePublished":"2024-05-12T11:33:27+00:00","dateModified":"2025-02-06T12:02:16+00:00","author":{"@id":"https:\/\/m2camper.com\/pt\/#\/schema\/person\/d003f4147a0469cbf1c77ba1bebdb1bb"},"breadcrumb":{"@id":"https:\/\/m2camper.com\/maximiza-tu-espacio-los-colchones-a-medida-transforman-tu-camper\/#breadcrumb"},"inLanguage":"ca","potentialAction":[{"@type":"ReadAction","target":["https:\/\/m2camper.com\/maximiza-tu-espacio-los-colchones-a-medida-transforman-tu-camper\/"]}]},{"@type":"ImageObject","inLanguage":"ca","@id":"https:\/\/m2camper.com\/maximiza-tu-espacio-los-colchones-a-medida-transforman-tu-camper\/#primaryimage","url":"https:\/\/m2camper.com\/wp-content\/uploads\/2025\/02\/60c9aa_ed4c7456bc2048a29bcb737eed9d9e05mv2.webp","contentUrl":"https:\/\/m2camper.com\/wp-content\/uploads\/2025\/02\/60c9aa_ed4c7456bc2048a29bcb737eed9d9e05mv2.webp","width":454,"height":341},{"@type":"BreadcrumbList","@id":"https:\/\/m2camper.com\/maximiza-tu-espacio-los-colchones-a-medida-transforman-tu-camper\/#breadcrumb","itemListElement":[{"@type":"ListItem","position":1,"name":"Portada","item":"https:\/\/m2camper.com\/pt\/"},{"@type":"ListItem","position":2,"name":"Maximiza Tu Espacio: Los Colchones a Medida Transforman Tu Camper"}]},{"@type":"WebSite","@id":"https:\/\/m2camper.com\/pt\/#website","url":"https:\/\/m2camper.com\/pt\/","name":"M2 Campers | A\u00efllants t\u00e8rmics i enfosquidors per a campers","description":"Descobreix qualitat i confort dels nostres a\u00efllants t\u00e8rmics enfosquidors i matalassos per a vehicles. Optimitza la teva experi\u00e8ncia a la carretera amb M2 Camper.","potentialAction":[{"@type":"SearchAction","target":{"@type":"EntryPoint","urlTemplate":"https:\/\/m2camper.com\/pt\/?s={search_term_string}"},"query-input":{"@type":"PropertyValueSpecification","valueRequired":true,"valueName":"search_term_string"}}],"inLanguage":"ca"},{"@type":"Person","@id":"https:\/\/m2camper.com\/pt\/#\/schema\/person\/d003f4147a0469cbf1c77ba1bebdb1bb","name":"carlos","image":{"@type":"ImageObject","inLanguage":"ca","@id":"https:\/\/secure.gravatar.com\/avatar\/ab10b60551e807f6b37d54bb09e40bc41b08e3828d46504634ad6f35da1b46dc?s=96&d=mm&r=g","url":"https:\/\/secure.gravatar.com\/avatar\/ab10b60551e807f6b37d54bb09e40bc41b08e3828d46504634ad6f35da1b46dc?s=96&d=mm&r=g","contentUrl":"https:\/\/secure.gravatar.com\/avatar\/ab10b60551e807f6b37d54bb09e40bc41b08e3828d46504634ad6f35da1b46dc?s=96&d=mm&r=g","caption":"carlos"},"url":"https:\/\/m2camper.com\/ca\/author\/carlos\/"}]}},"_links":{"self":[{"href":"https:\/\/m2camper.com\/ca\/wp-json\/wp\/v2\/posts\/11570","targetHints":{"allow":["GET"]}}],"collection":[{"href":"https:\/\/m2camper.com\/ca\/wp-json\/wp\/v2\/posts"}],"about":[{"href":"https:\/\/m2camper.com\/ca\/wp-json\/wp\/v2\/types\/post"}],"author":[{"embeddable":true,"href":"https:\/\/m2camper.com\/ca\/wp-json\/wp\/v2\/users\/5740"}],"replies":[{"embeddable":true,"href":"https:\/\/m2camper.com\/ca\/wp-json\/wp\/v2\/comments?post=11570"}],"version-history":[{"count":2,"href":"https:\/\/m2camper.com\/ca\/wp-json\/wp\/v2\/posts\/11570\/revisions"}],"predecessor-version":[{"id":11573,"href":"https:\/\/m2camper.com\/ca\/wp-json\/wp\/v2\/posts\/11570\/revisions\/11573"}],"wp:featuredmedia":[{"embeddable":true,"href":"https:\/\/m2camper.com\/ca\/wp-json\/wp\/v2\/media\/11571"}],"wp:attachment":[{"href":"https:\/\/m2camper.com\/ca\/wp-json\/wp\/v2\/media?parent=11570"}],"wp:term":[{"taxonomy":"category","embeddable":true,"href":"https:\/\/m2camper.com\/ca\/wp-json\/wp\/v2\/categories?post=11570"},{"taxonomy":"post_tag","embeddable":true,"href":"https:\/\/m2camper.com\/ca\/wp-json\/wp\/v2\/tags?post=11570"}],"curies":[{"name":"wp","href":"https:\/\/api.w.org\/{rel}","templated":true}]}}