{"id":11559,"date":"2024-02-24T11:00:28","date_gmt":"2024-02-24T11:00:28","guid":{"rendered":"https:\/\/ultbit.com\/m2camper\/?p=11559"},"modified":"2025-02-06T11:01:52","modified_gmt":"2025-02-06T11:01:52","slug":"descobreix-la-magia-de-les-finestres-al-teu-camper","status":"publish","type":"post","link":"https:\/\/m2camper.com\/ca\/descobreix-la-magia-de-les-finestres-al-teu-camper\/","title":{"rendered":"Descobreix la M\u00e0gia de les Finestres al teu Camper"},"content":{"rendered":"<div data-breakout=\"normal\">\n<p id=\"viewer-c2mj6\" class=\"cqfST cQRuq WGebp jTM--\" dir=\"auto\"><span class=\"_61ACD\">\u00a1\u00a1 Benvinguts, amants de la vida sobre rodes! En aquesta entrada, explorarem la import\u00e0ncia de les finestres al teu camper, la seva diversitat en mida i formes, i com els a\u00efllants t\u00e8rmics enfosquidors poden convertir el teu espai en un santuari acollidor i privat.<\/span><\/p>\n<\/div>\n<div data-breakout=\"normal\">\n<p id=\"viewer-2nltz74\" class=\"cqfST cQRuq WGebp jTM--\" dir=\"auto\"><span class=\"_61ACD\"><strong>Les Finestres: El Gran Aparador a l&#039;Exterior<\/strong><\/span><\/p>\n<\/div>\n<div data-breakout=\"normal\">\n<p id=\"viewer-g6wtl76\" class=\"cqfST cQRuq WGebp jTM--\" dir=\"auto\"><span class=\"_61ACD\">Les finestres al teu camper s\u00f3n molt m\u00e9s que simples obertures per deixar entrar la llum. S\u00f3n l&#039;enlla\u00e7 amb el m\u00f3n exterior, un portal a paisatges impressionants i nits estrellades. Per\u00f2 amb tanta bellesa ve la necessitat de privadesa i comoditat t\u00e8rmica.<\/span><\/p>\n<\/div>\n<div data-breakout=\"normal\">\n<p id=\"viewer-n2yvo78\" class=\"cqfST cQRuq WGebp jTM--\" dir=\"auto\"><span class=\"_61ACD\">Cada model de camper t\u00e9 les seves pr\u00f2pies caracter\u00edstiques distintives quant a la mida i la forma de les finestres. Alguns tenen finestres panor\u00e0miques que ofereixen una vista \u00e0mplia, mentre que altres opten per finestres m\u00e9s petites per a m\u00e9s intimitat. Sigui quin sigui el disseny del teu camper, hi ha una soluci\u00f3 a mida per real\u00e7ar i protegir aquestes finestres.<\/span><\/p>\n<\/div>\n<div data-breakout=\"normal\">\n<p id=\"viewer-xwao580\" class=\"cqfST cQRuq WGebp jTM--\" dir=\"auto\"><span class=\"_61ACD\"><strong>Explorant la Varietat de Mides i Formes de Finestres a Camper<\/strong><\/span><\/p>\n<\/div>\n<div data-breakout=\"normal\">\n<ol class=\"xkVfi WGebp\">\n<li class=\"fGYqH\" dir=\"auto\" aria-level=\"1\">\n<p id=\"viewer-jz9st84\" class=\"cqfST cQRuq WGebp jTM--\" dir=\"\"><span class=\"_61ACD\"><em>Finestres Panor\u00e0miques<\/em>: Ideals per gaudir de paisatges sorprenents. Els a\u00efllants t\u00e8rmics enfosquidors per a aquest tipus de finestres maximitzen la privadesa i eviten l&#039;entrada de llum no desitjada.<\/span><\/p>\n<\/li>\n<li class=\"fGYqH\" dir=\"auto\" aria-level=\"1\">\n<p id=\"viewer-7qi4988\" class=\"cqfST cQRuq WGebp jTM--\" dir=\"\"><span class=\"_61ACD\"><em>Finestres Corredisses<\/em>: Pr\u00e0ctiques i funcionals, aquestes finestres permeten un f\u00e0cil acc\u00e9s a l&#039;exterior. Els enfosquidors t\u00e8rmics asseguren un somni reparador i una protecci\u00f3 addicional contra les inclem\u00e8ncies del temps.<\/span><\/p>\n<\/li>\n<li class=\"fGYqH\" dir=\"auto\" aria-level=\"1\">\n<p id=\"viewer-djgiv92\" class=\"cqfST cQRuq WGebp jTM--\" dir=\"\"><span class=\"_61ACD\"><em>Finestres en Forma d&#039;Ull de Bou<\/em>: Amb un disseny cl\u00e0ssic, aquestes finestres aporten un toc retro. Els enfosquidors personalitzats respecten l&#039;est\u00e8tica mentre brinden la protecci\u00f3 necess\u00e0ria.<\/span><\/p>\n<\/li>\n<li class=\"fGYqH\" dir=\"auto\" aria-level=\"1\">\n<p id=\"viewer-c62pu96\" class=\"cqfST cQRuq WGebp jTM--\" dir=\"\"><span class=\"_61ACD\"><em>Finestres Petites i Estrat\u00e8gicament Ubicades<\/em>: En alguns models de camper, les finestres estan estrat\u00e8gicament ubicades per equilibrar la privadesa amb l&#039;entrada de llum natural. Els a\u00efllants t\u00e8rmics enfosquidors ajustats s\u00f3n la clau per a un ambient acollidor. <\/span><\/p>\n<\/li>\n<\/ol>\n<\/div>\n<div data-breakout=\"normal\">\n<p id=\"viewer-1vy7q99\" class=\"cqfST cQRuq WGebp jTM--\" dir=\"auto\"><span class=\"_61ACD\"><strong>El Toc Final: A\u00efllants T\u00e8rmics Enfosquidors per a Finestres de Camper<\/strong><\/span><\/p>\n<\/div>\n<div data-breakout=\"normal\">\n<p id=\"viewer-pjh6r101\" class=\"cqfST cQRuq WGebp jTM--\" dir=\"auto\"><span class=\"_61ACD\">Quan hagis explorat la varietat de finestres al teu camper, \u00e9s el moment de considerar com millorar la teva experi\u00e8ncia de viatge. Els a\u00efllants t\u00e8rmics enfosquidors s\u00f3n la soluci\u00f3 perfecta.<\/span><\/p>\n<\/div>\n<div data-breakout=\"normal\">\n<p id=\"viewer-ay2nl103\" class=\"cqfST cQRuq WGebp jTM--\" dir=\"auto\"><span class=\"_61ACD\">Aquest<\/span><\/p>\n<\/div>\n<div data-breakout=\"normal\">\n<ul class=\"_9byOP WGebp\">\n<li class=\"fGYqH\" dir=\"auto\" aria-level=\"1\">\n<p id=\"viewer-dce1q107\" class=\"cqfST cQRuq WGebp jTM--\" dir=\"\"><span class=\"_61ACD\"><strong>Privadesa Total<\/strong>: Bloquegen la visi\u00f3 des de l&#039;exterior perqu\u00e8 puguis gaudir del teu espai sense preocupacions.<\/span><\/p>\n<\/li>\n<li class=\"fGYqH\" dir=\"auto\" aria-level=\"1\">\n<p id=\"viewer-1rs1d111\" class=\"cqfST cQRuq WGebp jTM--\" dir=\"\"><span class=\"_61ACD\"><strong>Regulaci\u00f3 T\u00e8rmica<\/strong>: Mantenen el teu camper fresc a l&#039;estiu i c\u00e0lid a l&#039;hivern, optimitzant el confort.<\/span><\/p>\n<\/li>\n<li class=\"fGYqH\" dir=\"auto\" aria-level=\"1\">\n<p id=\"viewer-2rbrx115\" class=\"cqfST cQRuq WGebp jTM--\" dir=\"\"><span class=\"_61ACD\"><strong>Foscor Absoluta<\/strong>: Ideal per a aquells que gaudeixen d&#039;un somni profund. Els enfosquidors impedeixen l&#039;entrada de llum, creant un ambient propici per descansar. <\/span><\/p>\n<\/li>\n<\/ul>\n<\/div>\n<div data-breakout=\"normal\">\n<div id=\"viewer-65jmm1469\" class=\"KqKMh\">\n<div class=\"_7T4Uc LIugr\">\n<figure class=\"P29V1\">\n<div class=\"CuIEU\" tabindex=\"0\" role=\"button\" data-hook=\"imageViewer\" aria-haspopup=\"true\">\n<div id=\"65jmm1469\" class=\"KfAFF ApRDe _84uzj\"><img decoding=\"async\" class=\"aligncenter\" draggable=\"false\" src=\"https:\/\/static.wixstatic.com\/media\/60c9aa_99e8feb698dd4a3db38512aea505a7cc~mv2.jpg\/v1\/fill\/w_740,h_740,al_c,q_85,usm_0.66_1.00_0.01,enc_avif,quality_auto\/60c9aa_99e8feb698dd4a3db38512aea505a7cc~mv2.jpg\" alt=\"Descobreix la m\u00e0gia de les finestres al teu camper\" data-pin-url=\"https:\/\/m2camper.com\/post\/descubre-la-magia-de-las-ventanas-en-tu-camper\" data-pin-media=\"https:\/\/static.wixstatic.com\/media\/60c9aa_99e8feb698dd4a3db38512aea505a7cc~mv2.jpg\/v1\/fill\/w_1024,h_1024,al_c,q_85\/60c9aa_99e8feb698dd4a3db38512aea505a7cc~mv2.jpg\" data-ssr-src-done=\"true\" data-load-done=\"\" \/><\/div>\n<\/div>\n<\/figure>\n<\/div>\n<\/div>\n<\/div>\n<div data-breakout=\"normal\">\n<p id=\"viewer-wod7m118\" class=\"cqfST cQRuq WGebp jTM--\" dir=\"auto\"><span class=\"_61ACD\">En resum, les finestres s\u00f3n el cor del teu camper, i els a\u00efllants t\u00e8rmics enfosquidors s\u00f3n la clau per maximitzar-ne el potencial. D\u00f3na al teu espai sobre rodes un toc personalitzat i c\u00f2mode, i prepara&#039;t per gaudir de l&#039;aventura amb estil amb M2 Camper!<\/span><\/p>\n<\/div>\n<div data-breakout=\"normal\">\n<div id=\"viewer-0c3lx3674\" class=\"KqKMh\">\n<div class=\"_7T4Uc LIugr\">\n<figure class=\"P29V1\">\n<div class=\"CuIEU\" tabindex=\"0\" role=\"button\" data-hook=\"imageViewer\" aria-haspopup=\"true\">\n<div id=\"0c3lx3674\" class=\"KfAFF ApRDe _84uzj\"><img decoding=\"async\" class=\"aligncenter\" draggable=\"false\" src=\"https:\/\/static.wixstatic.com\/media\/60c9aa_fdcd0c24e7dd462bb00a4d17d76e0f55~mv2.jpg\/v1\/fill\/w_740,h_740,al_c,q_85,usm_0.66_1.00_0.01,enc_avif,quality_auto\/60c9aa_fdcd0c24e7dd462bb00a4d17d76e0f55~mv2.jpg\" alt=\"Descobreix la m\u00e0gia de les finestres al teu camper\" data-pin-url=\"https:\/\/m2camper.com\/post\/descubre-la-magia-de-las-ventanas-en-tu-camper\" data-pin-media=\"https:\/\/static.wixstatic.com\/media\/60c9aa_fdcd0c24e7dd462bb00a4d17d76e0f55~mv2.jpg\/v1\/fill\/w_1024,h_1024,al_c,q_85\/60c9aa_fdcd0c24e7dd462bb00a4d17d76e0f55~mv2.jpg\" data-load-done=\"\" \/><\/div>\n<\/div>\n<\/figure>\n<\/div>\n<\/div>\n<\/div>\n<div data-hook=\"rcv-block18\"><\/div>\n<div data-breakout=\"normal\">\n<p id=\"viewer-jsw1i3676\" class=\"cqfST cQRuq WGebp jTM--\" dir=\"auto\">\n<\/div>","protected":false},"excerpt":{"rendered":"<p>\u00a1Bienvenidos, amantes de la vida sobre ruedas! En esta entrada, vamos a explorar la importancia de las ventanas en tu camper, su diversidad en tama\u00f1o y formas, y c\u00f3mo los aislantes t\u00e9rmicos oscurecedores pueden convertir tu espacio en un santuario acogedor y privado. Las Ventanas: El Gran Escaparate al Exterior Las ventanas en tu camper&hellip;&nbsp;<a href=\"https:\/\/m2camper.com\/ca\/descobreix-la-magia-de-les-finestres-al-teu-camper\/\" rel=\"bookmark\">Llegiu m\u00e9s \u00bb<span class=\"screen-reader-text\">Descobreix la M\u00e0gia de les Finestres al teu Camper<\/span><\/a><\/p>","protected":false},"author":5740,"featured_media":11560,"comment_status":"open","ping_status":"open","sticky":false,"template":"","format":"standard","meta":{"neve_meta_sidebar":"","neve_meta_container":"","neve_meta_enable_content_width":"off","neve_meta_content_width":70,"neve_meta_title_alignment":"","neve_meta_author_avatar":"","neve_post_elements_order":"","neve_meta_disable_header":"","neve_meta_disable_footer":"","neve_meta_disable_title":"","footnotes":""},"categories":[1],"tags":[],"class_list":["post-11559","post","type-post","status-publish","format-standard","has-post-thumbnail","hentry","category-uncategorized"],"yoast_head":"<!-- This site is optimized with the Yoast SEO plugin v27.4 - https:\/\/yoast.com\/product\/yoast-seo-wordpress\/ -->\n<title>Descubre la Magia de las Ventanas en tu Camper - M2 Camper | Aislantes t\u00e9rmicos y oscurecedores para campers<\/title>\n<meta name=\"robots\" content=\"index, follow, max-snippet:-1, max-image-preview:large, max-video-preview:-1\" \/>\n<link rel=\"canonical\" href=\"https:\/\/m2camper.com\/ca\/descobreix-la-magia-de-les-finestres-al-teu-camper\/\" \/>\n<meta property=\"og:locale\" content=\"ca_ES\" \/>\n<meta property=\"og:type\" content=\"article\" \/>\n<meta property=\"og:title\" content=\"Descubre la Magia de las Ventanas en tu Camper - M2 Camper | Aislantes t\u00e9rmicos y oscurecedores para campers\" \/>\n<meta property=\"og:description\" content=\"\u00a1Bienvenidos, amantes de la vida sobre ruedas! En esta entrada, vamos a explorar la importancia de las ventanas en tu camper, su diversidad en tama\u00f1o y formas, y c\u00f3mo los aislantes t\u00e9rmicos oscurecedores pueden convertir tu espacio en un santuario acogedor y privado. Las Ventanas: El Gran Escaparate al Exterior Las ventanas en tu camper&hellip;&nbsp;Llegiu m\u00e9s &raquo;Descubre la Magia de las Ventanas en tu Camper\" \/>\n<meta property=\"og:url\" content=\"https:\/\/m2camper.com\/ca\/descobreix-la-magia-de-les-finestres-al-teu-camper\/\" \/>\n<meta property=\"og:site_name\" content=\"M2 Camper | Aislantes t\u00e9rmicos y oscurecedores para campers\" \/>\n<meta property=\"article:published_time\" content=\"2024-02-24T11:00:28+00:00\" \/>\n<meta property=\"article:modified_time\" content=\"2025-02-06T11:01:52+00:00\" \/>\n<meta property=\"og:image\" content=\"https:\/\/m2camper.com\/wp-content\/uploads\/2025\/02\/60c9aa_99e8feb698dd4a3db38512aea505a7ccmv2.webp\" \/>\n\t<meta property=\"og:image:width\" content=\"454\" \/>\n\t<meta property=\"og:image:height\" content=\"341\" \/>\n\t<meta property=\"og:image:type\" content=\"image\/webp\" \/>\n<meta name=\"author\" content=\"carlos\" \/>\n<meta name=\"twitter:card\" content=\"summary_large_image\" \/>\n<meta name=\"twitter:label1\" content=\"Escrit per\" \/>\n\t<meta name=\"twitter:data1\" content=\"carlos\" \/>\n\t<meta name=\"twitter:label2\" content=\"Temps estimat de lectura\" \/>\n\t<meta name=\"twitter:data2\" content=\"2 minuts\" \/>\n<script type=\"application\/ld+json\" class=\"yoast-schema-graph\">{\"@context\":\"https:\\\/\\\/schema.org\",\"@graph\":[{\"@type\":\"Article\",\"@id\":\"https:\\\/\\\/m2camper.com\\\/descubre-la-magia-de-las-ventanas-en-tu-camper\\\/#article\",\"isPartOf\":{\"@id\":\"https:\\\/\\\/m2camper.com\\\/descubre-la-magia-de-las-ventanas-en-tu-camper\\\/\"},\"author\":{\"name\":\"carlos\",\"@id\":\"https:\\\/\\\/m2camper.com\\\/pt\\\/#\\\/schema\\\/person\\\/d003f4147a0469cbf1c77ba1bebdb1bb\"},\"headline\":\"Descubre la Magia de las Ventanas en tu Camper\",\"datePublished\":\"2024-02-24T11:00:28+00:00\",\"dateModified\":\"2025-02-06T11:01:52+00:00\",\"mainEntityOfPage\":{\"@id\":\"https:\\\/\\\/m2camper.com\\\/descubre-la-magia-de-las-ventanas-en-tu-camper\\\/\"},\"wordCount\":478,\"commentCount\":0,\"image\":{\"@id\":\"https:\\\/\\\/m2camper.com\\\/descubre-la-magia-de-las-ventanas-en-tu-camper\\\/#primaryimage\"},\"thumbnailUrl\":\"https:\\\/\\\/m2camper.com\\\/wp-content\\\/uploads\\\/2025\\\/02\\\/60c9aa_99e8feb698dd4a3db38512aea505a7ccmv2.webp\",\"articleSection\":[\"Uncategorized\"],\"inLanguage\":\"ca\",\"potentialAction\":[{\"@type\":\"CommentAction\",\"name\":\"Comment\",\"target\":[\"https:\\\/\\\/m2camper.com\\\/descubre-la-magia-de-las-ventanas-en-tu-camper\\\/#respond\"]}]},{\"@type\":\"WebPage\",\"@id\":\"https:\\\/\\\/m2camper.com\\\/descubre-la-magia-de-las-ventanas-en-tu-camper\\\/\",\"url\":\"https:\\\/\\\/m2camper.com\\\/descubre-la-magia-de-las-ventanas-en-tu-camper\\\/\",\"name\":\"Descubre la Magia de las Ventanas en tu Camper - M2 Camper | Aislantes t\u00e9rmicos y oscurecedores para campers\",\"isPartOf\":{\"@id\":\"https:\\\/\\\/m2camper.com\\\/pt\\\/#website\"},\"primaryImageOfPage\":{\"@id\":\"https:\\\/\\\/m2camper.com\\\/descubre-la-magia-de-las-ventanas-en-tu-camper\\\/#primaryimage\"},\"image\":{\"@id\":\"https:\\\/\\\/m2camper.com\\\/descubre-la-magia-de-las-ventanas-en-tu-camper\\\/#primaryimage\"},\"thumbnailUrl\":\"https:\\\/\\\/m2camper.com\\\/wp-content\\\/uploads\\\/2025\\\/02\\\/60c9aa_99e8feb698dd4a3db38512aea505a7ccmv2.webp\",\"datePublished\":\"2024-02-24T11:00:28+00:00\",\"dateModified\":\"2025-02-06T11:01:52+00:00\",\"author\":{\"@id\":\"https:\\\/\\\/m2camper.com\\\/pt\\\/#\\\/schema\\\/person\\\/d003f4147a0469cbf1c77ba1bebdb1bb\"},\"breadcrumb\":{\"@id\":\"https:\\\/\\\/m2camper.com\\\/descubre-la-magia-de-las-ventanas-en-tu-camper\\\/#breadcrumb\"},\"inLanguage\":\"ca\",\"potentialAction\":[{\"@type\":\"ReadAction\",\"target\":[\"https:\\\/\\\/m2camper.com\\\/descubre-la-magia-de-las-ventanas-en-tu-camper\\\/\"]}]},{\"@type\":\"ImageObject\",\"inLanguage\":\"ca\",\"@id\":\"https:\\\/\\\/m2camper.com\\\/descubre-la-magia-de-las-ventanas-en-tu-camper\\\/#primaryimage\",\"url\":\"https:\\\/\\\/m2camper.com\\\/wp-content\\\/uploads\\\/2025\\\/02\\\/60c9aa_99e8feb698dd4a3db38512aea505a7ccmv2.webp\",\"contentUrl\":\"https:\\\/\\\/m2camper.com\\\/wp-content\\\/uploads\\\/2025\\\/02\\\/60c9aa_99e8feb698dd4a3db38512aea505a7ccmv2.webp\",\"width\":454,\"height\":341},{\"@type\":\"BreadcrumbList\",\"@id\":\"https:\\\/\\\/m2camper.com\\\/descubre-la-magia-de-las-ventanas-en-tu-camper\\\/#breadcrumb\",\"itemListElement\":[{\"@type\":\"ListItem\",\"position\":1,\"name\":\"Portada\",\"item\":\"https:\\\/\\\/m2camper.com\\\/pt\\\/\"},{\"@type\":\"ListItem\",\"position\":2,\"name\":\"Descubre la Magia de las Ventanas en tu Camper\"}]},{\"@type\":\"WebSite\",\"@id\":\"https:\\\/\\\/m2camper.com\\\/pt\\\/#website\",\"url\":\"https:\\\/\\\/m2camper.com\\\/pt\\\/\",\"name\":\"M2 Campers | Aislantes t\u00e9rmicos y oscurecedores para campers\",\"description\":\"Descubre calidad y confort de nuestros aislantes t\u00e9rmicos oscurecedores y colchones para veh\u00edculos. Optimiza tu experiencia en carretera con M2 Camper.\",\"potentialAction\":[{\"@type\":\"SearchAction\",\"target\":{\"@type\":\"EntryPoint\",\"urlTemplate\":\"https:\\\/\\\/m2camper.com\\\/pt\\\/?s={search_term_string}\"},\"query-input\":{\"@type\":\"PropertyValueSpecification\",\"valueRequired\":true,\"valueName\":\"search_term_string\"}}],\"inLanguage\":\"ca\"},{\"@type\":\"Person\",\"@id\":\"https:\\\/\\\/m2camper.com\\\/pt\\\/#\\\/schema\\\/person\\\/d003f4147a0469cbf1c77ba1bebdb1bb\",\"name\":\"carlos\",\"image\":{\"@type\":\"ImageObject\",\"inLanguage\":\"ca\",\"@id\":\"https:\\\/\\\/secure.gravatar.com\\\/avatar\\\/ab10b60551e807f6b37d54bb09e40bc41b08e3828d46504634ad6f35da1b46dc?s=96&d=mm&r=g\",\"url\":\"https:\\\/\\\/secure.gravatar.com\\\/avatar\\\/ab10b60551e807f6b37d54bb09e40bc41b08e3828d46504634ad6f35da1b46dc?s=96&d=mm&r=g\",\"contentUrl\":\"https:\\\/\\\/secure.gravatar.com\\\/avatar\\\/ab10b60551e807f6b37d54bb09e40bc41b08e3828d46504634ad6f35da1b46dc?s=96&d=mm&r=g\",\"caption\":\"carlos\"},\"url\":\"https:\\\/\\\/m2camper.com\\\/ca\\\/author\\\/carlos\\\/\"}]}<\/script>\n<!-- \/ Yoast SEO plugin. -->","yoast_head_json":{"title":"Descobreix la M\u00e0gia de les Finestres al teu Camper - M2 Camper | A\u00efllants t\u00e8rmics i enfosquidors per a campers","robots":{"index":"index","follow":"follow","max-snippet":"max-snippet:-1","max-image-preview":"max-image-preview:large","max-video-preview":"max-video-preview:-1"},"canonical":"https:\/\/m2camper.com\/ca\/descobreix-la-magia-de-les-finestres-al-teu-camper\/","og_locale":"ca_ES","og_type":"article","og_title":"Descubre la Magia de las Ventanas en tu Camper - M2 Camper | Aislantes t\u00e9rmicos y oscurecedores para campers","og_description":"\u00a1Bienvenidos, amantes de la vida sobre ruedas! En esta entrada, vamos a explorar la importancia de las ventanas en tu camper, su diversidad en tama\u00f1o y formas, y c\u00f3mo los aislantes t\u00e9rmicos oscurecedores pueden convertir tu espacio en un santuario acogedor y privado. Las Ventanas: El Gran Escaparate al Exterior Las ventanas en tu camper&hellip;&nbsp;Llegiu m\u00e9s &raquo;Descubre la Magia de las Ventanas en tu Camper","og_url":"https:\/\/m2camper.com\/ca\/descobreix-la-magia-de-les-finestres-al-teu-camper\/","og_site_name":"M2 Camper | Aislantes t\u00e9rmicos y oscurecedores para campers","article_published_time":"2024-02-24T11:00:28+00:00","article_modified_time":"2025-02-06T11:01:52+00:00","og_image":[{"width":454,"height":341,"url":"https:\/\/m2camper.com\/wp-content\/uploads\/2025\/02\/60c9aa_99e8feb698dd4a3db38512aea505a7ccmv2.webp","type":"image\/webp"}],"author":"carlos","twitter_card":"summary_large_image","twitter_misc":{"Escrit per":"carlos","Temps estimat de lectura":"2 minuts"},"schema":{"@context":"https:\/\/schema.org","@graph":[{"@type":"Article","@id":"https:\/\/m2camper.com\/descubre-la-magia-de-las-ventanas-en-tu-camper\/#article","isPartOf":{"@id":"https:\/\/m2camper.com\/descubre-la-magia-de-las-ventanas-en-tu-camper\/"},"author":{"name":"carlos","@id":"https:\/\/m2camper.com\/pt\/#\/schema\/person\/d003f4147a0469cbf1c77ba1bebdb1bb"},"headline":"Descubre la Magia de las Ventanas en tu Camper","datePublished":"2024-02-24T11:00:28+00:00","dateModified":"2025-02-06T11:01:52+00:00","mainEntityOfPage":{"@id":"https:\/\/m2camper.com\/descubre-la-magia-de-las-ventanas-en-tu-camper\/"},"wordCount":478,"commentCount":0,"image":{"@id":"https:\/\/m2camper.com\/descubre-la-magia-de-las-ventanas-en-tu-camper\/#primaryimage"},"thumbnailUrl":"https:\/\/m2camper.com\/wp-content\/uploads\/2025\/02\/60c9aa_99e8feb698dd4a3db38512aea505a7ccmv2.webp","articleSection":["Uncategorized"],"inLanguage":"ca","potentialAction":[{"@type":"CommentAction","name":"Comment","target":["https:\/\/m2camper.com\/descubre-la-magia-de-las-ventanas-en-tu-camper\/#respond"]}]},{"@type":"WebPage","@id":"https:\/\/m2camper.com\/descubre-la-magia-de-las-ventanas-en-tu-camper\/","url":"https:\/\/m2camper.com\/descubre-la-magia-de-las-ventanas-en-tu-camper\/","name":"Descobreix la M\u00e0gia de les Finestres al teu Camper - M2 Camper | A\u00efllants t\u00e8rmics i enfosquidors per a campers","isPartOf":{"@id":"https:\/\/m2camper.com\/pt\/#website"},"primaryImageOfPage":{"@id":"https:\/\/m2camper.com\/descubre-la-magia-de-las-ventanas-en-tu-camper\/#primaryimage"},"image":{"@id":"https:\/\/m2camper.com\/descubre-la-magia-de-las-ventanas-en-tu-camper\/#primaryimage"},"thumbnailUrl":"https:\/\/m2camper.com\/wp-content\/uploads\/2025\/02\/60c9aa_99e8feb698dd4a3db38512aea505a7ccmv2.webp","datePublished":"2024-02-24T11:00:28+00:00","dateModified":"2025-02-06T11:01:52+00:00","author":{"@id":"https:\/\/m2camper.com\/pt\/#\/schema\/person\/d003f4147a0469cbf1c77ba1bebdb1bb"},"breadcrumb":{"@id":"https:\/\/m2camper.com\/descubre-la-magia-de-las-ventanas-en-tu-camper\/#breadcrumb"},"inLanguage":"ca","potentialAction":[{"@type":"ReadAction","target":["https:\/\/m2camper.com\/descubre-la-magia-de-las-ventanas-en-tu-camper\/"]}]},{"@type":"ImageObject","inLanguage":"ca","@id":"https:\/\/m2camper.com\/descubre-la-magia-de-las-ventanas-en-tu-camper\/#primaryimage","url":"https:\/\/m2camper.com\/wp-content\/uploads\/2025\/02\/60c9aa_99e8feb698dd4a3db38512aea505a7ccmv2.webp","contentUrl":"https:\/\/m2camper.com\/wp-content\/uploads\/2025\/02\/60c9aa_99e8feb698dd4a3db38512aea505a7ccmv2.webp","width":454,"height":341},{"@type":"BreadcrumbList","@id":"https:\/\/m2camper.com\/descubre-la-magia-de-las-ventanas-en-tu-camper\/#breadcrumb","itemListElement":[{"@type":"ListItem","position":1,"name":"Portada","item":"https:\/\/m2camper.com\/pt\/"},{"@type":"ListItem","position":2,"name":"Descubre la Magia de las Ventanas en tu Camper"}]},{"@type":"WebSite","@id":"https:\/\/m2camper.com\/pt\/#website","url":"https:\/\/m2camper.com\/pt\/","name":"M2 Campers | A\u00efllants t\u00e8rmics i enfosquidors per a campers","description":"Descobreix qualitat i confort dels nostres a\u00efllants t\u00e8rmics enfosquidors i matalassos per a vehicles. Optimitza la teva experi\u00e8ncia a la carretera amb M2 Camper.","potentialAction":[{"@type":"SearchAction","target":{"@type":"EntryPoint","urlTemplate":"https:\/\/m2camper.com\/pt\/?s={search_term_string}"},"query-input":{"@type":"PropertyValueSpecification","valueRequired":true,"valueName":"search_term_string"}}],"inLanguage":"ca"},{"@type":"Person","@id":"https:\/\/m2camper.com\/pt\/#\/schema\/person\/d003f4147a0469cbf1c77ba1bebdb1bb","name":"carlos","image":{"@type":"ImageObject","inLanguage":"ca","@id":"https:\/\/secure.gravatar.com\/avatar\/ab10b60551e807f6b37d54bb09e40bc41b08e3828d46504634ad6f35da1b46dc?s=96&d=mm&r=g","url":"https:\/\/secure.gravatar.com\/avatar\/ab10b60551e807f6b37d54bb09e40bc41b08e3828d46504634ad6f35da1b46dc?s=96&d=mm&r=g","contentUrl":"https:\/\/secure.gravatar.com\/avatar\/ab10b60551e807f6b37d54bb09e40bc41b08e3828d46504634ad6f35da1b46dc?s=96&d=mm&r=g","caption":"carlos"},"url":"https:\/\/m2camper.com\/ca\/author\/carlos\/"}]}},"_links":{"self":[{"href":"https:\/\/m2camper.com\/ca\/wp-json\/wp\/v2\/posts\/11559","targetHints":{"allow":["GET"]}}],"collection":[{"href":"https:\/\/m2camper.com\/ca\/wp-json\/wp\/v2\/posts"}],"about":[{"href":"https:\/\/m2camper.com\/ca\/wp-json\/wp\/v2\/types\/post"}],"author":[{"embeddable":true,"href":"https:\/\/m2camper.com\/ca\/wp-json\/wp\/v2\/users\/5740"}],"replies":[{"embeddable":true,"href":"https:\/\/m2camper.com\/ca\/wp-json\/wp\/v2\/comments?post=11559"}],"version-history":[{"count":2,"href":"https:\/\/m2camper.com\/ca\/wp-json\/wp\/v2\/posts\/11559\/revisions"}],"predecessor-version":[{"id":11562,"href":"https:\/\/m2camper.com\/ca\/wp-json\/wp\/v2\/posts\/11559\/revisions\/11562"}],"wp:featuredmedia":[{"embeddable":true,"href":"https:\/\/m2camper.com\/ca\/wp-json\/wp\/v2\/media\/11560"}],"wp:attachment":[{"href":"https:\/\/m2camper.com\/ca\/wp-json\/wp\/v2\/media?parent=11559"}],"wp:term":[{"taxonomy":"category","embeddable":true,"href":"https:\/\/m2camper.com\/ca\/wp-json\/wp\/v2\/categories?post=11559"},{"taxonomy":"post_tag","embeddable":true,"href":"https:\/\/m2camper.com\/ca\/wp-json\/wp\/v2\/tags?post=11559"}],"curies":[{"name":"wp","href":"https:\/\/api.w.org\/{rel}","templated":true}]}}