{"id":11548,"date":"2023-12-23T10:43:50","date_gmt":"2023-12-23T10:43:50","guid":{"rendered":"https:\/\/ultbit.com\/m2camper\/?p=11548"},"modified":"2025-02-06T10:44:25","modified_gmt":"2025-02-06T10:44:25","slug":"celebra-un-nadal-amb-els-nostres-aillants-termics","status":"publish","type":"post","link":"https:\/\/m2camper.com\/ca\/celebra-un-nadal-amb-els-nostres-aillants-termics\/","title":{"rendered":"Celebra un Nadal Acollidor al teu Camper amb els nostres a\u00efllants t\u00e8rmics enfosquidors"},"content":{"rendered":"<div data-breakout=\"normal\">\n<p id=\"viewer-z5sf94647\" class=\"cqfST cQRuq WGebp jTM--\" dir=\"auto\"><span class=\"_61ACD\">La m\u00e0gia del Nadal arriba al teu camper aquest any de la m\u00e0 de confort i calidesa! En aquestes dates tan especials, transforma el teu vehicle en un refugi acollidor amb els nostres innovadors a\u00efllants t\u00e8rmics enfosquidors. Et convidem a descobrir com pots gaudir d\u00b4unes festes inoblidables, sense importar el clima exterior.<\/span><\/p>\n<\/div>\n<div data-breakout=\"normal\">\n<p id=\"viewer-fmpmx4659\" class=\"cqfST cQRuq WGebp jTM--\" dir=\"auto\"><span class=\"_61ACD\">L&#039;hivern comporta no nom\u00e9s festivitats, sin\u00f3 tamb\u00e9 temperatures g\u00e8lides que poden afectar l&#039;experi\u00e8ncia al teu camper. \u00c9s per aix\u00f2 que en aquesta temporada nadalenca, volem oferir-te la soluci\u00f3 perfecta per mantenir la calor i la privadesa al teu vehicle: els nostres a\u00efllants t\u00e8rmics enfosquidors. Descobreix com aquests productes poden marcar la difer\u00e8ncia a la teva celebraci\u00f3 nadalenca sobre rodes.<\/span><\/p>\n<\/div>\n<div data-breakout=\"normal\">\n<p id=\"viewer-h5zjh4661\" class=\"cqfST cQRuq WGebp jTM--\" dir=\"auto\"><span class=\"_61ACD\"><strong>Beneficis dels nostres a\u00efllants t\u00e8rmics enfosquidors:<\/strong><\/span><\/p>\n<\/div>\n<div data-breakout=\"normal\">\n<ol class=\"xkVfi WGebp\">\n<li class=\"fGYqH\" dir=\"auto\" aria-level=\"1\">\n<p id=\"viewer-bepov4665\" class=\"cqfST cQRuq WGebp jTM--\" dir=\"\"><span class=\"_61ACD\"><strong>Calidesa Festiva:<\/strong>\u00a0Oblida&#039;t del fred hivernal amb els nostres a\u00efllants t\u00e8rmics d&#039;alta qualitat. Mantingues la calor dins del teu camper i gaudeix d&#039;un Nadal c\u00e0lid i acollidor.<\/span><\/p>\n<\/li>\n<li class=\"fGYqH\" dir=\"auto\" aria-level=\"1\">\n<p id=\"viewer-09gye4669\" class=\"cqfST cQRuq WGebp jTM--\" dir=\"\"><span class=\"_61ACD\"><strong>Privadesa en Tot Moment:<\/strong>\u00a0Els enfosquidors bloquegen efica\u00e7ment la visi\u00f3 des de l&#039;exterior, brindant-te la privadesa que necessites per gaudir de moments \u00edntims en aquestes dates especials.<\/span><\/p>\n<\/li>\n<li class=\"fGYqH\" dir=\"auto\" aria-level=\"1\">\n<p id=\"viewer-qxppl4673\" class=\"cqfST cQRuq WGebp jTM--\" dir=\"\"><span class=\"_61ACD\"><strong>F\u00e0cil Instal\u00b7laci\u00f3:<\/strong>\u00a0Els nostres productes estan dissenyats per ser f\u00e0cils d&#039;instal\u00b7lar, permetent concentrar-te en el que realment importa durant la temporada nadalenca: estar amb els teus \u00e9ssers estimats.<\/span><\/p>\n<\/li>\n<li class=\"fGYqH\" dir=\"auto\" aria-level=\"1\">\n<p id=\"viewer-y64s44677\" class=\"cqfST cQRuq WGebp jTM--\" dir=\"\"><span class=\"_61ACD\"><strong>Versatilitat:<\/strong>\u00a0Utilitza els nostres a\u00efllants t\u00e8rmics enfosquidors no nom\u00e9s durant el Nadal, sin\u00f3 en qualsevol moment de l\u00b4any. S\u00f3n la inversi\u00f3 perfecta per garantir el confort en els teus viatges al camper.<\/span><\/p>\n<\/li>\n<\/ol>\n<\/div>\n<div data-breakout=\"normal\">\n<p id=\"viewer-3al984680\" class=\"cqfST cQRuq WGebp jTM--\" dir=\"auto\"><span class=\"_61ACD\"><strong>Com fer del teu Camper un Espai Nadalenc:<\/strong><\/span><\/p>\n<\/div>\n<div data-breakout=\"normal\">\n<ol class=\"xkVfi WGebp\">\n<li class=\"fGYqH\" dir=\"auto\" aria-level=\"1\">\n<p id=\"viewer-w9rbw4684\" class=\"cqfST cQRuq WGebp jTM--\" dir=\"\"><span class=\"_61ACD\"><strong>Decora amb Llums Festives:<\/strong>\u00a0Aprofita la intimitat del teu camper i decora&#039;l amb llums nadalenques per crear un ambient m\u00e0gic.<\/span><\/p>\n<\/li>\n<li class=\"fGYqH\" dir=\"auto\" aria-level=\"1\">\n<p id=\"viewer-vt71f4688\" class=\"cqfST cQRuq WGebp jTM--\" dir=\"\"><span class=\"_61ACD\"><strong>Prepara Deliciosos Menjars:<\/strong>\u00a0La cuina del teu camper \u00e9s el lloc perfecte per preparar deliciosos menjars nadalencs. Sorpr\u00e8n els teus \u00e9ssers estimats amb platets casolans!<\/span><\/p>\n<\/li>\n<li class=\"fGYqH\" dir=\"auto\" aria-level=\"1\">\n<p id=\"viewer-6gzfk4692\" class=\"cqfST cQRuq WGebp jTM--\" dir=\"\"><span class=\"_61ACD\"><strong>Organitza Jocs i Activitats:<\/strong>\u00a0Aprofiteu l&#039;espai del vostre camper per organitzar jocs i activitats familiars. La diversi\u00f3 est\u00e0 assegurada!<\/span><\/p>\n<\/li>\n<\/ol>\n<\/div>\n<div data-hook=\"rcv-block10\"><\/div>\n<div data-breakout=\"normal\">\n<p id=\"viewer-2gd6k7417\" class=\"cqfST cQRuq WGebp jTM--\" dir=\"auto\"><span class=\"_61ACD\"><em>Celebra un Nadal amb els nostres a\u00efllants t\u00e8rmics enfosquidors de 9 capes<\/em><\/span><\/p>\n<\/div>\n<div data-hook=\"rcv-block13\"><\/div>\n<div data-breakout=\"normal\">\n<div id=\"viewer-f0sl67850\" class=\"KqKMh\">\n<div class=\"_7T4Uc SkJEB\">\n<figure class=\"P29V1\">\n<div class=\"CuIEU\" tabindex=\"0\" role=\"button\" data-hook=\"imageViewer\" aria-haspopup=\"true\">\n<div id=\"f0sl67850\" class=\"KfAFF ApRDe _84uzj\"><img decoding=\"async\" class=\"aligncenter\" draggable=\"false\" src=\"https:\/\/static.wixstatic.com\/media\/60c9aa_cf147de094fa4d649dac3f95a314de7c~mv2.jpg\/v1\/fill\/w_350,h_467,al_c,q_80,usm_0.66_1.00_0.01,enc_auto\/60c9aa_cf147de094fa4d649dac3f95a314de7c~mv2.jpg\" alt=\"A\u00efllants t\u00e8rmics per a camper\" data-pin-url=\"https:\/\/m2camper.com\/post\/celebra-una-navidad-con-nuestros-aislantes-termicos\" data-pin-media=\"https:\/\/static.wixstatic.com\/media\/60c9aa_cf147de094fa4d649dac3f95a314de7c~mv2.jpg\/v1\/fill\/w_3096,h_4128,al_c,q_90\/60c9aa_cf147de094fa4d649dac3f95a314de7c~mv2.jpg\" data-ssr-src-done=\"true\" data-load-done=\"\" \/><\/div>\n<\/div>\n<\/figure>\n<\/div>\n<\/div>\n<\/div>","protected":false},"excerpt":{"rendered":"<p>\u00a1La magia de la Navidad llega a tu camper este a\u00f1o de la mano de confort y calidez! En estas fechas tan especiales, transforma tu veh\u00edculo en un refugio acogedor con nuestros innovadores aislantes t\u00e9rmicos oscurecedores. Te invitamos a descubrir c\u00f3mo puedes disfrutar de unas fiestas inolvidables, sin importar el clima exterior. El invierno trae&hellip;&nbsp;<a href=\"https:\/\/m2camper.com\/ca\/celebra-un-nadal-amb-els-nostres-aillants-termics\/\" rel=\"bookmark\">Llegiu m\u00e9s \u00bb<span class=\"screen-reader-text\">Celebra un Nadal Acollidor al teu Camper amb els nostres a\u00efllants t\u00e8rmics enfosquidors<\/span><\/a><\/p>","protected":false},"author":5740,"featured_media":11549,"comment_status":"open","ping_status":"open","sticky":false,"template":"","format":"standard","meta":{"neve_meta_sidebar":"","neve_meta_container":"","neve_meta_enable_content_width":"off","neve_meta_content_width":70,"neve_meta_title_alignment":"","neve_meta_author_avatar":"","neve_post_elements_order":"","neve_meta_disable_header":"","neve_meta_disable_footer":"","neve_meta_disable_title":"","footnotes":""},"categories":[1],"tags":[],"class_list":["post-11548","post","type-post","status-publish","format-standard","has-post-thumbnail","hentry","category-uncategorized"],"yoast_head":"<!-- This site is optimized with the Yoast SEO plugin v27.5 - https:\/\/yoast.com\/product\/yoast-seo-wordpress\/ -->\n<title>Celebra una Navidad Acogedora en Tu Camper con Nuestros Aislantes T\u00e9rmicos Oscurecedores - M2 Camper | Aislantes t\u00e9rmicos y oscurecedores para campers<\/title>\n<meta name=\"robots\" content=\"index, follow, max-snippet:-1, max-image-preview:large, max-video-preview:-1\" \/>\n<link rel=\"canonical\" href=\"https:\/\/m2camper.com\/ca\/celebra-un-nadal-amb-els-nostres-aillants-termics\/\" \/>\n<meta property=\"og:locale\" content=\"ca_ES\" \/>\n<meta property=\"og:type\" content=\"article\" \/>\n<meta property=\"og:title\" content=\"Celebra una Navidad Acogedora en Tu Camper con Nuestros Aislantes T\u00e9rmicos Oscurecedores - M2 Camper | Aislantes t\u00e9rmicos y oscurecedores para campers\" \/>\n<meta property=\"og:description\" content=\"\u00a1La magia de la Navidad llega a tu camper este a\u00f1o de la mano de confort y calidez! En estas fechas tan especiales, transforma tu veh\u00edculo en un refugio acogedor con nuestros innovadores aislantes t\u00e9rmicos oscurecedores. Te invitamos a descubrir c\u00f3mo puedes disfrutar de unas fiestas inolvidables, sin importar el clima exterior. El invierno trae&hellip;&nbsp;Llegiu m\u00e9s &raquo;Celebra una Navidad Acogedora en Tu Camper con Nuestros Aislantes T\u00e9rmicos Oscurecedores\" \/>\n<meta property=\"og:url\" content=\"https:\/\/m2camper.com\/ca\/celebra-un-nadal-amb-els-nostres-aillants-termics\/\" \/>\n<meta property=\"og:site_name\" content=\"M2 Camper | Aislantes t\u00e9rmicos y oscurecedores para campers\" \/>\n<meta property=\"article:published_time\" content=\"2023-12-23T10:43:50+00:00\" \/>\n<meta property=\"article:modified_time\" content=\"2025-02-06T10:44:25+00:00\" \/>\n<meta property=\"og:image\" content=\"https:\/\/m2camper.com\/wp-content\/uploads\/2025\/02\/60c9aa_cf147de094fa4d649dac3f95a314de7cmv2.webp\" \/>\n\t<meta property=\"og:image:width\" content=\"1208\" \/>\n\t<meta property=\"og:image:height\" content=\"1610\" \/>\n\t<meta property=\"og:image:type\" content=\"image\/webp\" \/>\n<meta name=\"author\" content=\"carlos\" \/>\n<meta name=\"twitter:card\" content=\"summary_large_image\" \/>\n<meta name=\"twitter:label1\" content=\"Escrit per\" \/>\n\t<meta name=\"twitter:data1\" content=\"carlos\" \/>\n\t<meta name=\"twitter:label2\" content=\"Temps estimat de lectura\" \/>\n\t<meta name=\"twitter:data2\" content=\"2 minuts\" \/>\n<script type=\"application\/ld+json\" class=\"yoast-schema-graph\">{\"@context\":\"https:\\\/\\\/schema.org\",\"@graph\":[{\"@type\":\"Article\",\"@id\":\"https:\\\/\\\/m2camper.com\\\/celebra-una-navidad-con-nuestros-aislantes-termicos\\\/#article\",\"isPartOf\":{\"@id\":\"https:\\\/\\\/m2camper.com\\\/celebra-una-navidad-con-nuestros-aislantes-termicos\\\/\"},\"author\":{\"name\":\"carlos\",\"@id\":\"https:\\\/\\\/m2camper.com\\\/pt\\\/#\\\/schema\\\/person\\\/d003f4147a0469cbf1c77ba1bebdb1bb\"},\"headline\":\"Celebra una Navidad Acogedora en Tu Camper con Nuestros Aislantes T\u00e9rmicos Oscurecedores\",\"datePublished\":\"2023-12-23T10:43:50+00:00\",\"dateModified\":\"2025-02-06T10:44:25+00:00\",\"mainEntityOfPage\":{\"@id\":\"https:\\\/\\\/m2camper.com\\\/celebra-una-navidad-con-nuestros-aislantes-termicos\\\/\"},\"wordCount\":365,\"commentCount\":0,\"image\":{\"@id\":\"https:\\\/\\\/m2camper.com\\\/celebra-una-navidad-con-nuestros-aislantes-termicos\\\/#primaryimage\"},\"thumbnailUrl\":\"https:\\\/\\\/m2camper.com\\\/wp-content\\\/uploads\\\/2025\\\/02\\\/60c9aa_cf147de094fa4d649dac3f95a314de7cmv2.webp\",\"articleSection\":[\"Uncategorized\"],\"inLanguage\":\"ca\",\"potentialAction\":[{\"@type\":\"CommentAction\",\"name\":\"Comment\",\"target\":[\"https:\\\/\\\/m2camper.com\\\/celebra-una-navidad-con-nuestros-aislantes-termicos\\\/#respond\"]}]},{\"@type\":\"WebPage\",\"@id\":\"https:\\\/\\\/m2camper.com\\\/celebra-una-navidad-con-nuestros-aislantes-termicos\\\/\",\"url\":\"https:\\\/\\\/m2camper.com\\\/celebra-una-navidad-con-nuestros-aislantes-termicos\\\/\",\"name\":\"Celebra una Navidad Acogedora en Tu Camper con Nuestros Aislantes T\u00e9rmicos Oscurecedores - M2 Camper | Aislantes t\u00e9rmicos y oscurecedores para campers\",\"isPartOf\":{\"@id\":\"https:\\\/\\\/m2camper.com\\\/pt\\\/#website\"},\"primaryImageOfPage\":{\"@id\":\"https:\\\/\\\/m2camper.com\\\/celebra-una-navidad-con-nuestros-aislantes-termicos\\\/#primaryimage\"},\"image\":{\"@id\":\"https:\\\/\\\/m2camper.com\\\/celebra-una-navidad-con-nuestros-aislantes-termicos\\\/#primaryimage\"},\"thumbnailUrl\":\"https:\\\/\\\/m2camper.com\\\/wp-content\\\/uploads\\\/2025\\\/02\\\/60c9aa_cf147de094fa4d649dac3f95a314de7cmv2.webp\",\"datePublished\":\"2023-12-23T10:43:50+00:00\",\"dateModified\":\"2025-02-06T10:44:25+00:00\",\"author\":{\"@id\":\"https:\\\/\\\/m2camper.com\\\/pt\\\/#\\\/schema\\\/person\\\/d003f4147a0469cbf1c77ba1bebdb1bb\"},\"breadcrumb\":{\"@id\":\"https:\\\/\\\/m2camper.com\\\/celebra-una-navidad-con-nuestros-aislantes-termicos\\\/#breadcrumb\"},\"inLanguage\":\"ca\",\"potentialAction\":[{\"@type\":\"ReadAction\",\"target\":[\"https:\\\/\\\/m2camper.com\\\/celebra-una-navidad-con-nuestros-aislantes-termicos\\\/\"]}]},{\"@type\":\"ImageObject\",\"inLanguage\":\"ca\",\"@id\":\"https:\\\/\\\/m2camper.com\\\/celebra-una-navidad-con-nuestros-aislantes-termicos\\\/#primaryimage\",\"url\":\"https:\\\/\\\/m2camper.com\\\/wp-content\\\/uploads\\\/2025\\\/02\\\/60c9aa_cf147de094fa4d649dac3f95a314de7cmv2.webp\",\"contentUrl\":\"https:\\\/\\\/m2camper.com\\\/wp-content\\\/uploads\\\/2025\\\/02\\\/60c9aa_cf147de094fa4d649dac3f95a314de7cmv2.webp\",\"width\":1208,\"height\":1610},{\"@type\":\"BreadcrumbList\",\"@id\":\"https:\\\/\\\/m2camper.com\\\/celebra-una-navidad-con-nuestros-aislantes-termicos\\\/#breadcrumb\",\"itemListElement\":[{\"@type\":\"ListItem\",\"position\":1,\"name\":\"Portada\",\"item\":\"https:\\\/\\\/m2camper.com\\\/pt\\\/\"},{\"@type\":\"ListItem\",\"position\":2,\"name\":\"Celebra una Navidad Acogedora en Tu Camper con Nuestros Aislantes T\u00e9rmicos Oscurecedores\"}]},{\"@type\":\"WebSite\",\"@id\":\"https:\\\/\\\/m2camper.com\\\/pt\\\/#website\",\"url\":\"https:\\\/\\\/m2camper.com\\\/pt\\\/\",\"name\":\"M2 Campers | Aislantes t\u00e9rmicos y oscurecedores para campers\",\"description\":\"Descubre calidad y confort de nuestros aislantes t\u00e9rmicos oscurecedores y colchones para veh\u00edculos. Optimiza tu experiencia en carretera con M2 Camper.\",\"potentialAction\":[{\"@type\":\"SearchAction\",\"target\":{\"@type\":\"EntryPoint\",\"urlTemplate\":\"https:\\\/\\\/m2camper.com\\\/pt\\\/?s={search_term_string}\"},\"query-input\":{\"@type\":\"PropertyValueSpecification\",\"valueRequired\":true,\"valueName\":\"search_term_string\"}}],\"inLanguage\":\"ca\"},{\"@type\":\"Person\",\"@id\":\"https:\\\/\\\/m2camper.com\\\/pt\\\/#\\\/schema\\\/person\\\/d003f4147a0469cbf1c77ba1bebdb1bb\",\"name\":\"carlos\",\"image\":{\"@type\":\"ImageObject\",\"inLanguage\":\"ca\",\"@id\":\"https:\\\/\\\/secure.gravatar.com\\\/avatar\\\/ab10b60551e807f6b37d54bb09e40bc41b08e3828d46504634ad6f35da1b46dc?s=96&d=mm&r=g\",\"url\":\"https:\\\/\\\/secure.gravatar.com\\\/avatar\\\/ab10b60551e807f6b37d54bb09e40bc41b08e3828d46504634ad6f35da1b46dc?s=96&d=mm&r=g\",\"contentUrl\":\"https:\\\/\\\/secure.gravatar.com\\\/avatar\\\/ab10b60551e807f6b37d54bb09e40bc41b08e3828d46504634ad6f35da1b46dc?s=96&d=mm&r=g\",\"caption\":\"carlos\"},\"url\":\"https:\\\/\\\/m2camper.com\\\/ca\\\/author\\\/carlos\\\/\"}]}<\/script>\n<!-- \/ Yoast SEO plugin. -->","yoast_head_json":{"title":"Celebra un Nadal Acollidor al teu Camper amb els nostres a\u00efllants t\u00e8rmics enfosquidors - M2 Camper | A\u00efllants t\u00e8rmics i enfosquidors per a campers","robots":{"index":"index","follow":"follow","max-snippet":"max-snippet:-1","max-image-preview":"max-image-preview:large","max-video-preview":"max-video-preview:-1"},"canonical":"https:\/\/m2camper.com\/ca\/celebra-un-nadal-amb-els-nostres-aillants-termics\/","og_locale":"ca_ES","og_type":"article","og_title":"Celebra una Navidad Acogedora en Tu Camper con Nuestros Aislantes T\u00e9rmicos Oscurecedores - M2 Camper | Aislantes t\u00e9rmicos y oscurecedores para campers","og_description":"\u00a1La magia de la Navidad llega a tu camper este a\u00f1o de la mano de confort y calidez! En estas fechas tan especiales, transforma tu veh\u00edculo en un refugio acogedor con nuestros innovadores aislantes t\u00e9rmicos oscurecedores. Te invitamos a descubrir c\u00f3mo puedes disfrutar de unas fiestas inolvidables, sin importar el clima exterior. El invierno trae&hellip;&nbsp;Llegiu m\u00e9s &raquo;Celebra una Navidad Acogedora en Tu Camper con Nuestros Aislantes T\u00e9rmicos Oscurecedores","og_url":"https:\/\/m2camper.com\/ca\/celebra-un-nadal-amb-els-nostres-aillants-termics\/","og_site_name":"M2 Camper | Aislantes t\u00e9rmicos y oscurecedores para campers","article_published_time":"2023-12-23T10:43:50+00:00","article_modified_time":"2025-02-06T10:44:25+00:00","og_image":[{"width":1208,"height":1610,"url":"https:\/\/m2camper.com\/wp-content\/uploads\/2025\/02\/60c9aa_cf147de094fa4d649dac3f95a314de7cmv2.webp","type":"image\/webp"}],"author":"carlos","twitter_card":"summary_large_image","twitter_misc":{"Escrit per":"carlos","Temps estimat de lectura":"2 minuts"},"schema":{"@context":"https:\/\/schema.org","@graph":[{"@type":"Article","@id":"https:\/\/m2camper.com\/celebra-una-navidad-con-nuestros-aislantes-termicos\/#article","isPartOf":{"@id":"https:\/\/m2camper.com\/celebra-una-navidad-con-nuestros-aislantes-termicos\/"},"author":{"name":"carlos","@id":"https:\/\/m2camper.com\/pt\/#\/schema\/person\/d003f4147a0469cbf1c77ba1bebdb1bb"},"headline":"Celebra una Navidad Acogedora en Tu Camper con Nuestros Aislantes T\u00e9rmicos Oscurecedores","datePublished":"2023-12-23T10:43:50+00:00","dateModified":"2025-02-06T10:44:25+00:00","mainEntityOfPage":{"@id":"https:\/\/m2camper.com\/celebra-una-navidad-con-nuestros-aislantes-termicos\/"},"wordCount":365,"commentCount":0,"image":{"@id":"https:\/\/m2camper.com\/celebra-una-navidad-con-nuestros-aislantes-termicos\/#primaryimage"},"thumbnailUrl":"https:\/\/m2camper.com\/wp-content\/uploads\/2025\/02\/60c9aa_cf147de094fa4d649dac3f95a314de7cmv2.webp","articleSection":["Uncategorized"],"inLanguage":"ca","potentialAction":[{"@type":"CommentAction","name":"Comment","target":["https:\/\/m2camper.com\/celebra-una-navidad-con-nuestros-aislantes-termicos\/#respond"]}]},{"@type":"WebPage","@id":"https:\/\/m2camper.com\/celebra-una-navidad-con-nuestros-aislantes-termicos\/","url":"https:\/\/m2camper.com\/celebra-una-navidad-con-nuestros-aislantes-termicos\/","name":"Celebra un Nadal Acollidor al teu Camper amb els nostres a\u00efllants t\u00e8rmics enfosquidors - M2 Camper | A\u00efllants t\u00e8rmics i enfosquidors per a campers","isPartOf":{"@id":"https:\/\/m2camper.com\/pt\/#website"},"primaryImageOfPage":{"@id":"https:\/\/m2camper.com\/celebra-una-navidad-con-nuestros-aislantes-termicos\/#primaryimage"},"image":{"@id":"https:\/\/m2camper.com\/celebra-una-navidad-con-nuestros-aislantes-termicos\/#primaryimage"},"thumbnailUrl":"https:\/\/m2camper.com\/wp-content\/uploads\/2025\/02\/60c9aa_cf147de094fa4d649dac3f95a314de7cmv2.webp","datePublished":"2023-12-23T10:43:50+00:00","dateModified":"2025-02-06T10:44:25+00:00","author":{"@id":"https:\/\/m2camper.com\/pt\/#\/schema\/person\/d003f4147a0469cbf1c77ba1bebdb1bb"},"breadcrumb":{"@id":"https:\/\/m2camper.com\/celebra-una-navidad-con-nuestros-aislantes-termicos\/#breadcrumb"},"inLanguage":"ca","potentialAction":[{"@type":"ReadAction","target":["https:\/\/m2camper.com\/celebra-una-navidad-con-nuestros-aislantes-termicos\/"]}]},{"@type":"ImageObject","inLanguage":"ca","@id":"https:\/\/m2camper.com\/celebra-una-navidad-con-nuestros-aislantes-termicos\/#primaryimage","url":"https:\/\/m2camper.com\/wp-content\/uploads\/2025\/02\/60c9aa_cf147de094fa4d649dac3f95a314de7cmv2.webp","contentUrl":"https:\/\/m2camper.com\/wp-content\/uploads\/2025\/02\/60c9aa_cf147de094fa4d649dac3f95a314de7cmv2.webp","width":1208,"height":1610},{"@type":"BreadcrumbList","@id":"https:\/\/m2camper.com\/celebra-una-navidad-con-nuestros-aislantes-termicos\/#breadcrumb","itemListElement":[{"@type":"ListItem","position":1,"name":"Portada","item":"https:\/\/m2camper.com\/pt\/"},{"@type":"ListItem","position":2,"name":"Celebra una Navidad Acogedora en Tu Camper con Nuestros Aislantes T\u00e9rmicos Oscurecedores"}]},{"@type":"WebSite","@id":"https:\/\/m2camper.com\/pt\/#website","url":"https:\/\/m2camper.com\/pt\/","name":"M2 Campers | A\u00efllants t\u00e8rmics i enfosquidors per a campers","description":"Descobreix qualitat i confort dels nostres a\u00efllants t\u00e8rmics enfosquidors i matalassos per a vehicles. Optimitza la teva experi\u00e8ncia a la carretera amb M2 Camper.","potentialAction":[{"@type":"SearchAction","target":{"@type":"EntryPoint","urlTemplate":"https:\/\/m2camper.com\/pt\/?s={search_term_string}"},"query-input":{"@type":"PropertyValueSpecification","valueRequired":true,"valueName":"search_term_string"}}],"inLanguage":"ca"},{"@type":"Person","@id":"https:\/\/m2camper.com\/pt\/#\/schema\/person\/d003f4147a0469cbf1c77ba1bebdb1bb","name":"carlos","image":{"@type":"ImageObject","inLanguage":"ca","@id":"https:\/\/secure.gravatar.com\/avatar\/ab10b60551e807f6b37d54bb09e40bc41b08e3828d46504634ad6f35da1b46dc?s=96&d=mm&r=g","url":"https:\/\/secure.gravatar.com\/avatar\/ab10b60551e807f6b37d54bb09e40bc41b08e3828d46504634ad6f35da1b46dc?s=96&d=mm&r=g","contentUrl":"https:\/\/secure.gravatar.com\/avatar\/ab10b60551e807f6b37d54bb09e40bc41b08e3828d46504634ad6f35da1b46dc?s=96&d=mm&r=g","caption":"carlos"},"url":"https:\/\/m2camper.com\/ca\/author\/carlos\/"}]}},"_links":{"self":[{"href":"https:\/\/m2camper.com\/ca\/wp-json\/wp\/v2\/posts\/11548","targetHints":{"allow":["GET"]}}],"collection":[{"href":"https:\/\/m2camper.com\/ca\/wp-json\/wp\/v2\/posts"}],"about":[{"href":"https:\/\/m2camper.com\/ca\/wp-json\/wp\/v2\/types\/post"}],"author":[{"embeddable":true,"href":"https:\/\/m2camper.com\/ca\/wp-json\/wp\/v2\/users\/5740"}],"replies":[{"embeddable":true,"href":"https:\/\/m2camper.com\/ca\/wp-json\/wp\/v2\/comments?post=11548"}],"version-history":[{"count":1,"href":"https:\/\/m2camper.com\/ca\/wp-json\/wp\/v2\/posts\/11548\/revisions"}],"predecessor-version":[{"id":11550,"href":"https:\/\/m2camper.com\/ca\/wp-json\/wp\/v2\/posts\/11548\/revisions\/11550"}],"wp:featuredmedia":[{"embeddable":true,"href":"https:\/\/m2camper.com\/ca\/wp-json\/wp\/v2\/media\/11549"}],"wp:attachment":[{"href":"https:\/\/m2camper.com\/ca\/wp-json\/wp\/v2\/media?parent=11548"}],"wp:term":[{"taxonomy":"category","embeddable":true,"href":"https:\/\/m2camper.com\/ca\/wp-json\/wp\/v2\/categories?post=11548"},{"taxonomy":"post_tag","embeddable":true,"href":"https:\/\/m2camper.com\/ca\/wp-json\/wp\/v2\/tags?post=11548"}],"curies":[{"name":"wp","href":"https:\/\/api.w.org\/{rel}","templated":true}]}}