{"id":11540,"date":"2023-12-10T10:38:40","date_gmt":"2023-12-10T10:38:40","guid":{"rendered":"https:\/\/ultbit.com\/m2camper\/?p=11540"},"modified":"2025-02-06T10:40:40","modified_gmt":"2025-02-06T10:40:40","slug":"aillants-termics-amb-ventoses-per-viatjar-amb-confort","status":"publish","type":"post","link":"https:\/\/m2camper.com\/ca\/aillants-termics-amb-ventoses-per-viatjar-amb-confort\/","title":{"rendered":"Confort Insuperable: A\u00efllants T\u00e8rmics de 9 Capes amb Ventoses per Viatjar amb Estil"},"content":{"rendered":"<div data-breakout=\"normal\">\n<p id=\"viewer-qwnac327\" class=\"cqfST cQRuq WGebp jTM--\" dir=\"auto\"><span class=\"_61ACD\">Al m\u00f3n dels viatges, la clau est\u00e0 en els detalls, ia M2camper, ens enorgulleix presentar-te una innovaci\u00f3 que marca la difer\u00e8ncia: els nostres a\u00efllants t\u00e8rmics de 9 capes amb ventoses de silicona d&#039;alta succi\u00f3.<\/span><\/p>\n<\/div>\n<div data-breakout=\"normal\">\n<p id=\"viewer-4ulvy329\" class=\"cqfST cQRuq WGebp jTM--\" dir=\"auto\"><span class=\"_61ACD\">Imagina una soluci\u00f3 que no nom\u00e9s ofereix un a\u00efllament t\u00e8rmic excepcional, sin\u00f3 que tamb\u00e9 s&#039;adhereix fermament a les finestres del teu camper, proporcionant una barrera impenetrable contra les inclem\u00e8ncies del temps. Les nostres ventoses de silicona amb rosca ofereixen una succi\u00f3 robusta, assegurant que cada capa romangui al seu lloc, sense importar les condicions exteriors.<\/span><\/p>\n<\/div>\n<div data-breakout=\"normal\">\n<div id=\"viewer-oukod17428\" class=\"KqKMh\">\n<div class=\"_7T4Uc SkJEB\">\n<figure class=\"P29V1\">\n<div class=\"CuIEU\" tabindex=\"0\" role=\"button\" data-hook=\"imageViewer\" aria-haspopup=\"true\">\n<div id=\"oukod17428\" class=\"KfAFF ApRDe _84uzj\"><img decoding=\"async\" class=\"aligncenter\" draggable=\"false\" src=\"https:\/\/static.wixstatic.com\/media\/60c9aa_3b307c8d66404af2876b2d365b820f4c~mv2.jpg\/v1\/fill\/w_350,h_254,al_c,q_80,usm_0.66_1.00_0.01,enc_auto\/60c9aa_3b307c8d66404af2876b2d365b820f4c~mv2.jpg\" alt=\"Ventoses de rosca\" data-pin-url=\"https:\/\/m2camper.com\/post\/aislantes-termicos-con-ventosas-para-viajar-con-confort\" data-pin-media=\"https:\/\/static.wixstatic.com\/media\/60c9aa_3b307c8d66404af2876b2d365b820f4c~mv2.jpg\/v1\/fill\/w_1841,h_1335,al_c,q_90\/60c9aa_3b307c8d66404af2876b2d365b820f4c~mv2.jpg\" data-ssr-src-done=\"true\" data-load-done=\"\" \/><\/div>\n<\/div>\n<\/figure>\n<div><\/br><\/div>\n<\/div>\n<\/div>\n<\/div>\n<div data-breakout=\"normal\">\n<p id=\"viewer-qflnm331\" class=\"cqfST cQRuq WGebp jTM--\" dir=\"auto\"><span class=\"_61ACD\">La versatilitat \u00e9s al cor d&#039;aquesta caracter\u00edstica innovadora. Gr\u00e0cies a les ventoses amb rosca, pots ajustar f\u00e0cilment la pressi\u00f3 i la posici\u00f3 de cada capa, adaptant-les a les necessitats espec\u00edfiques. Ja sigui que busques maximitzar la protecci\u00f3 contra el fred a l&#039;hivern o permetre una entrada controlada de llum a l&#039;estiu, les nostres ventoses us brinden el control total sobre el vostre entorn.<\/span><\/p>\n<\/div>\n<div data-breakout=\"normal\">\n<p id=\"viewer-yp3tc333\" class=\"cqfST cQRuq WGebp jTM--\" dir=\"auto\"><span class=\"_61ACD\">A m\u00e9s de la funcionalitat excepcional, les ventoses de silicona d&#039;alta succi\u00f3 estan dissenyades per resistir els rigors del viatge. La seva durabilitat i resist\u00e8ncia a les condicions clim\u00e0tiques extremes garanteixen un rendiment constant al llarg del temps, convertint-les en el company perfecte per a les teves travesses m\u00e9s audaces.<\/span><\/p>\n<\/div>\n<div data-breakout=\"normal\">\n<p id=\"viewer-wq84q335\" class=\"cqfST cQRuq WGebp jTM--\" dir=\"auto\"><span class=\"_61ACD\">A M2camper creiem que cada component compta i les nostres ventoses de silicona amb rosca s\u00f3n la prova viva d&#039;aquesta filosofia. Experimenta la llibertat d&#039;un a\u00efllant t\u00e8rmic que no nom\u00e9s s&#039;adapta al teu estil de vida aventurer, sin\u00f3 que tamb\u00e9 redefineix la manera com interactues amb el teu entorn. Eleva les teves expectatives i descobreix una nova dimensi\u00f3 de confort a cada viatge. Benvingut a un m\u00f3n on l&#039;aventura no coneix l\u00edmits!<\/span><\/p>\n<\/div>\n<div data-breakout=\"normal\">\n<p id=\"viewer-slxz919911\" class=\"cqfST cQRuq WGebp jTM--\" dir=\"auto\"><span class=\"_61ACD\"><em>A\u00efllants t\u00e8rmics amb ventoses per viatjar amb confort<\/em><\/span><\/p>\n<\/div>\n<div data-breakout=\"normal\">\n<div id=\"viewer-7x7m612435\" class=\"KqKMh\">\n<div class=\"_7T4Uc SkJEB\">\n<figure class=\"P29V1\">\n<div class=\"CuIEU\" tabindex=\"0\" role=\"button\" data-hook=\"imageViewer\" aria-haspopup=\"true\">\n<div id=\"7x7m612435\" class=\"KfAFF ApRDe _84uzj\"><img decoding=\"async\" class=\"aligncenter\" draggable=\"false\" src=\"https:\/\/static.wixstatic.com\/media\/60c9aa_b2a2d6620501407b8ba6e2402919c732~mv2.jpg\/v1\/fill\/w_350,h_350,al_c,q_80,usm_0.66_1.00_0.01,enc_auto\/60c9aa_b2a2d6620501407b8ba6e2402919c732~mv2.jpg\" alt=\"Ventoses de rosca\" data-pin-url=\"https:\/\/m2camper.com\/post\/aislantes-termicos-con-ventosas-para-viajar-con-confort\" data-pin-media=\"https:\/\/static.wixstatic.com\/media\/60c9aa_b2a2d6620501407b8ba6e2402919c732~mv2.jpg\/v1\/fill\/w_1907,h_1907,al_c,q_90\/60c9aa_b2a2d6620501407b8ba6e2402919c732~mv2.jpg\" data-ssr-src-done=\"true\" data-load-done=\"\" \/><\/div>\n<\/div>\n<\/figure>\n<\/div>\n<\/div>\n<\/div>\n<div data-hook=\"rcv-block19\"><\/div>\n<div data-breakout=\"normal\">\n<div id=\"viewer-mpgnt12437\" class=\"cqfST cQRuq WGebp jTM--\" dir=\"auto\"><\/div>\n<\/div>","protected":false},"excerpt":{"rendered":"<p>En el mundo de los viajes, la clave est\u00e1 en los detalles, y en M2camper, nos enorgullece presentarte una innovaci\u00f3n que marca la diferencia: nuestros aislantes t\u00e9rmicos de 9 capas con ventosas de silicona de alta succi\u00f3n. Imagina una soluci\u00f3n que no solo brinda un aislamiento t\u00e9rmico excepcional, sino que tambi\u00e9n se adhiere firmemente a&hellip;&nbsp;<a href=\"https:\/\/m2camper.com\/ca\/aillants-termics-amb-ventoses-per-viatjar-amb-confort\/\" rel=\"bookmark\">Llegiu m\u00e9s \u00bb<span class=\"screen-reader-text\">Confort Insuperable: A\u00efllants T\u00e8rmics de 9 Capes amb Ventoses per Viatjar amb Estil<\/span><\/a><\/p>","protected":false},"author":5740,"featured_media":11541,"comment_status":"open","ping_status":"open","sticky":false,"template":"","format":"standard","meta":{"neve_meta_sidebar":"","neve_meta_container":"","neve_meta_enable_content_width":"off","neve_meta_content_width":70,"neve_meta_title_alignment":"","neve_meta_author_avatar":"","neve_post_elements_order":"","neve_meta_disable_header":"","neve_meta_disable_footer":"","neve_meta_disable_title":"","footnotes":""},"categories":[1],"tags":[],"class_list":["post-11540","post","type-post","status-publish","format-standard","has-post-thumbnail","hentry","category-uncategorized"],"yoast_head":"<!-- This site is optimized with the Yoast SEO plugin v27.4 - https:\/\/yoast.com\/product\/yoast-seo-wordpress\/ -->\n<title>Confort Insuperable: Aislantes T\u00e9rmicos de 9 Capas con Ventosas para Viajar con Estilo - M2 Camper | Aislantes t\u00e9rmicos y oscurecedores para campers<\/title>\n<meta name=\"robots\" content=\"index, follow, max-snippet:-1, max-image-preview:large, max-video-preview:-1\" \/>\n<link rel=\"canonical\" href=\"https:\/\/m2camper.com\/ca\/aillants-termics-amb-ventoses-per-viatjar-amb-confort\/\" \/>\n<meta property=\"og:locale\" content=\"ca_ES\" \/>\n<meta property=\"og:type\" content=\"article\" \/>\n<meta property=\"og:title\" content=\"Confort Insuperable: Aislantes T\u00e9rmicos de 9 Capas con Ventosas para Viajar con Estilo - M2 Camper | Aislantes t\u00e9rmicos y oscurecedores para campers\" \/>\n<meta property=\"og:description\" content=\"En el mundo de los viajes, la clave est\u00e1 en los detalles, y en M2camper, nos enorgullece presentarte una innovaci\u00f3n que marca la diferencia: nuestros aislantes t\u00e9rmicos de 9 capas con ventosas de silicona de alta succi\u00f3n. Imagina una soluci\u00f3n que no solo brinda un aislamiento t\u00e9rmico excepcional, sino que tambi\u00e9n se adhiere firmemente a&hellip;&nbsp;Llegiu m\u00e9s &raquo;Confort Insuperable: Aislantes T\u00e9rmicos de 9 Capas con Ventosas para Viajar con Estilo\" \/>\n<meta property=\"og:url\" content=\"https:\/\/m2camper.com\/ca\/aillants-termics-amb-ventoses-per-viatjar-amb-confort\/\" \/>\n<meta property=\"og:site_name\" content=\"M2 Camper | Aislantes t\u00e9rmicos y oscurecedores para campers\" \/>\n<meta property=\"article:published_time\" content=\"2023-12-10T10:38:40+00:00\" \/>\n<meta property=\"article:modified_time\" content=\"2025-02-06T10:40:40+00:00\" \/>\n<meta property=\"og:image\" content=\"https:\/\/m2camper.com\/wp-content\/uploads\/2025\/02\/60c9aa_3b307c8d66404af2876b2d365b820f4cmv2.jpg\" \/>\n\t<meta property=\"og:image:width\" content=\"1841\" \/>\n\t<meta property=\"og:image:height\" content=\"1335\" \/>\n\t<meta property=\"og:image:type\" content=\"image\/jpeg\" \/>\n<meta name=\"author\" content=\"carlos\" \/>\n<meta name=\"twitter:card\" content=\"summary_large_image\" \/>\n<meta name=\"twitter:label1\" content=\"Escrit per\" \/>\n\t<meta name=\"twitter:data1\" content=\"carlos\" \/>\n\t<meta name=\"twitter:label2\" content=\"Temps estimat de lectura\" \/>\n\t<meta name=\"twitter:data2\" content=\"2 minuts\" \/>\n<script type=\"application\/ld+json\" class=\"yoast-schema-graph\">{\"@context\":\"https:\\\/\\\/schema.org\",\"@graph\":[{\"@type\":\"Article\",\"@id\":\"https:\\\/\\\/m2camper.com\\\/aislantes-termicos-con-ventosas-para-viajar-con-confort\\\/#article\",\"isPartOf\":{\"@id\":\"https:\\\/\\\/m2camper.com\\\/aislantes-termicos-con-ventosas-para-viajar-con-confort\\\/\"},\"author\":{\"name\":\"carlos\",\"@id\":\"https:\\\/\\\/m2camper.com\\\/pt\\\/#\\\/schema\\\/person\\\/d003f4147a0469cbf1c77ba1bebdb1bb\"},\"headline\":\"Confort Insuperable: Aislantes T\u00e9rmicos de 9 Capas con Ventosas para Viajar con Estilo\",\"datePublished\":\"2023-12-10T10:38:40+00:00\",\"dateModified\":\"2025-02-06T10:40:40+00:00\",\"mainEntityOfPage\":{\"@id\":\"https:\\\/\\\/m2camper.com\\\/aislantes-termicos-con-ventosas-para-viajar-con-confort\\\/\"},\"wordCount\":332,\"commentCount\":0,\"image\":{\"@id\":\"https:\\\/\\\/m2camper.com\\\/aislantes-termicos-con-ventosas-para-viajar-con-confort\\\/#primaryimage\"},\"thumbnailUrl\":\"https:\\\/\\\/m2camper.com\\\/wp-content\\\/uploads\\\/2025\\\/02\\\/60c9aa_3b307c8d66404af2876b2d365b820f4cmv2.jpg\",\"articleSection\":[\"Uncategorized\"],\"inLanguage\":\"ca\",\"potentialAction\":[{\"@type\":\"CommentAction\",\"name\":\"Comment\",\"target\":[\"https:\\\/\\\/m2camper.com\\\/aislantes-termicos-con-ventosas-para-viajar-con-confort\\\/#respond\"]}]},{\"@type\":\"WebPage\",\"@id\":\"https:\\\/\\\/m2camper.com\\\/aislantes-termicos-con-ventosas-para-viajar-con-confort\\\/\",\"url\":\"https:\\\/\\\/m2camper.com\\\/aislantes-termicos-con-ventosas-para-viajar-con-confort\\\/\",\"name\":\"Confort Insuperable: Aislantes T\u00e9rmicos de 9 Capas con Ventosas para Viajar con Estilo - M2 Camper | Aislantes t\u00e9rmicos y oscurecedores para campers\",\"isPartOf\":{\"@id\":\"https:\\\/\\\/m2camper.com\\\/pt\\\/#website\"},\"primaryImageOfPage\":{\"@id\":\"https:\\\/\\\/m2camper.com\\\/aislantes-termicos-con-ventosas-para-viajar-con-confort\\\/#primaryimage\"},\"image\":{\"@id\":\"https:\\\/\\\/m2camper.com\\\/aislantes-termicos-con-ventosas-para-viajar-con-confort\\\/#primaryimage\"},\"thumbnailUrl\":\"https:\\\/\\\/m2camper.com\\\/wp-content\\\/uploads\\\/2025\\\/02\\\/60c9aa_3b307c8d66404af2876b2d365b820f4cmv2.jpg\",\"datePublished\":\"2023-12-10T10:38:40+00:00\",\"dateModified\":\"2025-02-06T10:40:40+00:00\",\"author\":{\"@id\":\"https:\\\/\\\/m2camper.com\\\/pt\\\/#\\\/schema\\\/person\\\/d003f4147a0469cbf1c77ba1bebdb1bb\"},\"breadcrumb\":{\"@id\":\"https:\\\/\\\/m2camper.com\\\/aislantes-termicos-con-ventosas-para-viajar-con-confort\\\/#breadcrumb\"},\"inLanguage\":\"ca\",\"potentialAction\":[{\"@type\":\"ReadAction\",\"target\":[\"https:\\\/\\\/m2camper.com\\\/aislantes-termicos-con-ventosas-para-viajar-con-confort\\\/\"]}]},{\"@type\":\"ImageObject\",\"inLanguage\":\"ca\",\"@id\":\"https:\\\/\\\/m2camper.com\\\/aislantes-termicos-con-ventosas-para-viajar-con-confort\\\/#primaryimage\",\"url\":\"https:\\\/\\\/m2camper.com\\\/wp-content\\\/uploads\\\/2025\\\/02\\\/60c9aa_3b307c8d66404af2876b2d365b820f4cmv2.jpg\",\"contentUrl\":\"https:\\\/\\\/m2camper.com\\\/wp-content\\\/uploads\\\/2025\\\/02\\\/60c9aa_3b307c8d66404af2876b2d365b820f4cmv2.jpg\",\"width\":1841,\"height\":1335},{\"@type\":\"BreadcrumbList\",\"@id\":\"https:\\\/\\\/m2camper.com\\\/aislantes-termicos-con-ventosas-para-viajar-con-confort\\\/#breadcrumb\",\"itemListElement\":[{\"@type\":\"ListItem\",\"position\":1,\"name\":\"Portada\",\"item\":\"https:\\\/\\\/m2camper.com\\\/pt\\\/\"},{\"@type\":\"ListItem\",\"position\":2,\"name\":\"Confort Insuperable: Aislantes T\u00e9rmicos de 9 Capas con Ventosas para Viajar con Estilo\"}]},{\"@type\":\"WebSite\",\"@id\":\"https:\\\/\\\/m2camper.com\\\/pt\\\/#website\",\"url\":\"https:\\\/\\\/m2camper.com\\\/pt\\\/\",\"name\":\"M2 Campers | Aislantes t\u00e9rmicos y oscurecedores para campers\",\"description\":\"Descubre calidad y confort de nuestros aislantes t\u00e9rmicos oscurecedores y colchones para veh\u00edculos. Optimiza tu experiencia en carretera con M2 Camper.\",\"potentialAction\":[{\"@type\":\"SearchAction\",\"target\":{\"@type\":\"EntryPoint\",\"urlTemplate\":\"https:\\\/\\\/m2camper.com\\\/pt\\\/?s={search_term_string}\"},\"query-input\":{\"@type\":\"PropertyValueSpecification\",\"valueRequired\":true,\"valueName\":\"search_term_string\"}}],\"inLanguage\":\"ca\"},{\"@type\":\"Person\",\"@id\":\"https:\\\/\\\/m2camper.com\\\/pt\\\/#\\\/schema\\\/person\\\/d003f4147a0469cbf1c77ba1bebdb1bb\",\"name\":\"carlos\",\"image\":{\"@type\":\"ImageObject\",\"inLanguage\":\"ca\",\"@id\":\"https:\\\/\\\/secure.gravatar.com\\\/avatar\\\/ab10b60551e807f6b37d54bb09e40bc41b08e3828d46504634ad6f35da1b46dc?s=96&d=mm&r=g\",\"url\":\"https:\\\/\\\/secure.gravatar.com\\\/avatar\\\/ab10b60551e807f6b37d54bb09e40bc41b08e3828d46504634ad6f35da1b46dc?s=96&d=mm&r=g\",\"contentUrl\":\"https:\\\/\\\/secure.gravatar.com\\\/avatar\\\/ab10b60551e807f6b37d54bb09e40bc41b08e3828d46504634ad6f35da1b46dc?s=96&d=mm&r=g\",\"caption\":\"carlos\"},\"url\":\"https:\\\/\\\/m2camper.com\\\/ca\\\/author\\\/carlos\\\/\"}]}<\/script>\n<!-- \/ Yoast SEO plugin. -->","yoast_head_json":{"title":"Confort Insuperable: A\u00efllants T\u00e8rmics de 9 Capes amb Ventoses per Viatjar amb Estil - M2 Camper | A\u00efllants t\u00e8rmics i enfosquidors per a campers","robots":{"index":"index","follow":"follow","max-snippet":"max-snippet:-1","max-image-preview":"max-image-preview:large","max-video-preview":"max-video-preview:-1"},"canonical":"https:\/\/m2camper.com\/ca\/aillants-termics-amb-ventoses-per-viatjar-amb-confort\/","og_locale":"ca_ES","og_type":"article","og_title":"Confort Insuperable: Aislantes T\u00e9rmicos de 9 Capas con Ventosas para Viajar con Estilo - M2 Camper | Aislantes t\u00e9rmicos y oscurecedores para campers","og_description":"En el mundo de los viajes, la clave est\u00e1 en los detalles, y en M2camper, nos enorgullece presentarte una innovaci\u00f3n que marca la diferencia: nuestros aislantes t\u00e9rmicos de 9 capas con ventosas de silicona de alta succi\u00f3n. Imagina una soluci\u00f3n que no solo brinda un aislamiento t\u00e9rmico excepcional, sino que tambi\u00e9n se adhiere firmemente a&hellip;&nbsp;Llegiu m\u00e9s &raquo;Confort Insuperable: Aislantes T\u00e9rmicos de 9 Capas con Ventosas para Viajar con Estilo","og_url":"https:\/\/m2camper.com\/ca\/aillants-termics-amb-ventoses-per-viatjar-amb-confort\/","og_site_name":"M2 Camper | Aislantes t\u00e9rmicos y oscurecedores para campers","article_published_time":"2023-12-10T10:38:40+00:00","article_modified_time":"2025-02-06T10:40:40+00:00","og_image":[{"width":1841,"height":1335,"url":"https:\/\/m2camper.com\/wp-content\/uploads\/2025\/02\/60c9aa_3b307c8d66404af2876b2d365b820f4cmv2.jpg","type":"image\/jpeg"}],"author":"carlos","twitter_card":"summary_large_image","twitter_misc":{"Escrit per":"carlos","Temps estimat de lectura":"2 minuts"},"schema":{"@context":"https:\/\/schema.org","@graph":[{"@type":"Article","@id":"https:\/\/m2camper.com\/aislantes-termicos-con-ventosas-para-viajar-con-confort\/#article","isPartOf":{"@id":"https:\/\/m2camper.com\/aislantes-termicos-con-ventosas-para-viajar-con-confort\/"},"author":{"name":"carlos","@id":"https:\/\/m2camper.com\/pt\/#\/schema\/person\/d003f4147a0469cbf1c77ba1bebdb1bb"},"headline":"Confort Insuperable: Aislantes T\u00e9rmicos de 9 Capas con Ventosas para Viajar con Estilo","datePublished":"2023-12-10T10:38:40+00:00","dateModified":"2025-02-06T10:40:40+00:00","mainEntityOfPage":{"@id":"https:\/\/m2camper.com\/aislantes-termicos-con-ventosas-para-viajar-con-confort\/"},"wordCount":332,"commentCount":0,"image":{"@id":"https:\/\/m2camper.com\/aislantes-termicos-con-ventosas-para-viajar-con-confort\/#primaryimage"},"thumbnailUrl":"https:\/\/m2camper.com\/wp-content\/uploads\/2025\/02\/60c9aa_3b307c8d66404af2876b2d365b820f4cmv2.jpg","articleSection":["Uncategorized"],"inLanguage":"ca","potentialAction":[{"@type":"CommentAction","name":"Comment","target":["https:\/\/m2camper.com\/aislantes-termicos-con-ventosas-para-viajar-con-confort\/#respond"]}]},{"@type":"WebPage","@id":"https:\/\/m2camper.com\/aislantes-termicos-con-ventosas-para-viajar-con-confort\/","url":"https:\/\/m2camper.com\/aislantes-termicos-con-ventosas-para-viajar-con-confort\/","name":"Confort Insuperable: A\u00efllants T\u00e8rmics de 9 Capes amb Ventoses per Viatjar amb Estil - M2 Camper | A\u00efllants t\u00e8rmics i enfosquidors per a campers","isPartOf":{"@id":"https:\/\/m2camper.com\/pt\/#website"},"primaryImageOfPage":{"@id":"https:\/\/m2camper.com\/aislantes-termicos-con-ventosas-para-viajar-con-confort\/#primaryimage"},"image":{"@id":"https:\/\/m2camper.com\/aislantes-termicos-con-ventosas-para-viajar-con-confort\/#primaryimage"},"thumbnailUrl":"https:\/\/m2camper.com\/wp-content\/uploads\/2025\/02\/60c9aa_3b307c8d66404af2876b2d365b820f4cmv2.jpg","datePublished":"2023-12-10T10:38:40+00:00","dateModified":"2025-02-06T10:40:40+00:00","author":{"@id":"https:\/\/m2camper.com\/pt\/#\/schema\/person\/d003f4147a0469cbf1c77ba1bebdb1bb"},"breadcrumb":{"@id":"https:\/\/m2camper.com\/aislantes-termicos-con-ventosas-para-viajar-con-confort\/#breadcrumb"},"inLanguage":"ca","potentialAction":[{"@type":"ReadAction","target":["https:\/\/m2camper.com\/aislantes-termicos-con-ventosas-para-viajar-con-confort\/"]}]},{"@type":"ImageObject","inLanguage":"ca","@id":"https:\/\/m2camper.com\/aislantes-termicos-con-ventosas-para-viajar-con-confort\/#primaryimage","url":"https:\/\/m2camper.com\/wp-content\/uploads\/2025\/02\/60c9aa_3b307c8d66404af2876b2d365b820f4cmv2.jpg","contentUrl":"https:\/\/m2camper.com\/wp-content\/uploads\/2025\/02\/60c9aa_3b307c8d66404af2876b2d365b820f4cmv2.jpg","width":1841,"height":1335},{"@type":"BreadcrumbList","@id":"https:\/\/m2camper.com\/aislantes-termicos-con-ventosas-para-viajar-con-confort\/#breadcrumb","itemListElement":[{"@type":"ListItem","position":1,"name":"Portada","item":"https:\/\/m2camper.com\/pt\/"},{"@type":"ListItem","position":2,"name":"Confort Insuperable: Aislantes T\u00e9rmicos de 9 Capas con Ventosas para Viajar con Estilo"}]},{"@type":"WebSite","@id":"https:\/\/m2camper.com\/pt\/#website","url":"https:\/\/m2camper.com\/pt\/","name":"M2 Campers | A\u00efllants t\u00e8rmics i enfosquidors per a campers","description":"Descobreix qualitat i confort dels nostres a\u00efllants t\u00e8rmics enfosquidors i matalassos per a vehicles. Optimitza la teva experi\u00e8ncia a la carretera amb M2 Camper.","potentialAction":[{"@type":"SearchAction","target":{"@type":"EntryPoint","urlTemplate":"https:\/\/m2camper.com\/pt\/?s={search_term_string}"},"query-input":{"@type":"PropertyValueSpecification","valueRequired":true,"valueName":"search_term_string"}}],"inLanguage":"ca"},{"@type":"Person","@id":"https:\/\/m2camper.com\/pt\/#\/schema\/person\/d003f4147a0469cbf1c77ba1bebdb1bb","name":"carlos","image":{"@type":"ImageObject","inLanguage":"ca","@id":"https:\/\/secure.gravatar.com\/avatar\/ab10b60551e807f6b37d54bb09e40bc41b08e3828d46504634ad6f35da1b46dc?s=96&d=mm&r=g","url":"https:\/\/secure.gravatar.com\/avatar\/ab10b60551e807f6b37d54bb09e40bc41b08e3828d46504634ad6f35da1b46dc?s=96&d=mm&r=g","contentUrl":"https:\/\/secure.gravatar.com\/avatar\/ab10b60551e807f6b37d54bb09e40bc41b08e3828d46504634ad6f35da1b46dc?s=96&d=mm&r=g","caption":"carlos"},"url":"https:\/\/m2camper.com\/ca\/author\/carlos\/"}]}},"_links":{"self":[{"href":"https:\/\/m2camper.com\/ca\/wp-json\/wp\/v2\/posts\/11540","targetHints":{"allow":["GET"]}}],"collection":[{"href":"https:\/\/m2camper.com\/ca\/wp-json\/wp\/v2\/posts"}],"about":[{"href":"https:\/\/m2camper.com\/ca\/wp-json\/wp\/v2\/types\/post"}],"author":[{"embeddable":true,"href":"https:\/\/m2camper.com\/ca\/wp-json\/wp\/v2\/users\/5740"}],"replies":[{"embeddable":true,"href":"https:\/\/m2camper.com\/ca\/wp-json\/wp\/v2\/comments?post=11540"}],"version-history":[{"count":6,"href":"https:\/\/m2camper.com\/ca\/wp-json\/wp\/v2\/posts\/11540\/revisions"}],"predecessor-version":[{"id":11547,"href":"https:\/\/m2camper.com\/ca\/wp-json\/wp\/v2\/posts\/11540\/revisions\/11547"}],"wp:featuredmedia":[{"embeddable":true,"href":"https:\/\/m2camper.com\/ca\/wp-json\/wp\/v2\/media\/11541"}],"wp:attachment":[{"href":"https:\/\/m2camper.com\/ca\/wp-json\/wp\/v2\/media?parent=11540"}],"wp:term":[{"taxonomy":"category","embeddable":true,"href":"https:\/\/m2camper.com\/ca\/wp-json\/wp\/v2\/categories?post=11540"},{"taxonomy":"post_tag","embeddable":true,"href":"https:\/\/m2camper.com\/ca\/wp-json\/wp\/v2\/tags?post=11540"}],"curies":[{"name":"wp","href":"https:\/\/api.w.org\/{rel}","templated":true}]}}